{"id":12589,"date":"2022-09-02T09:52:26","date_gmt":"2022-09-02T14:52:26","guid":{"rendered":"https:\/\/inemjose.edu.co\/colegio\/newsite2021\/?p=12589"},"modified":"2022-09-02T11:15:00","modified_gmt":"2022-09-02T16:15:00","slug":"como-vamos-con-energia-solar","status":"publish","type":"post","link":"https:\/\/inemjose.edu.co\/colegio\/newsite2021\/2022\/09\/02\/como-vamos-con-energia-solar\/","title":{"rendered":"INEM avanza en Energ\u00eda solar"},"content":{"rendered":"<p>Energ\u00eda solar fotovoltaica, Electr\u00f3nica, Automatizaci\u00f3n industrial y Patronaje y escalado en prendas de vestir.<\/p>\n\u00a1No se ha encontrado la galer\u00eda!\n<p>Los paneles solares son celdas que reciben radiaci\u00f3n solar y la transforman en energ\u00eda el\u00e9ctrica. Aqu\u00ed, en el Departamento de Industrial transitamos hacia el nuevo cambio de paradigma, el uso y aprovechamiento de energ\u00edas renovables, amigables con el planeta.<\/p>\n<div style=\"width: 640px;\" class=\"wp-video\"><video class=\"wp-video-shortcode\" id=\"video-12589-1\" width=\"640\" height=\"352\" preload=\"metadata\" controls=\"controls\"><source type=\"video\/mp4\" src=\"https:\/\/inemjose.edu.co\/colegio\/newsite2021\/wp-content\/uploads\/2022\/09\/ARBOL-SOLAR.mp4?_=1\" \/><a href=\"https:\/\/inemjose.edu.co\/colegio\/newsite2021\/wp-content\/uploads\/2022\/09\/ARBOL-SOLAR.mp4\">https:\/\/inemjose.edu.co\/colegio\/newsite2021\/wp-content\/uploads\/2022\/09\/ARBOL-SOLAR.mp4<\/a><\/video><\/div>\n<p>Haciendo historia. El Inem Jos\u00e9 F\u00e9lix de Restrepo, primera instituci\u00f3n educativa de Colombia en instalar un \u00e1rbol solar, que act\u00faa no solo como colector de radiaci\u00f3n solar, sino como centro de monitoreo ambiental de la ciudad.<\/p>\n<p>&nbsp;<\/p>\n<figure id=\"attachment_12738\" aria-describedby=\"caption-attachment-12738\" style=\"width: 225px\" class=\"wp-caption alignright\"><img fetchpriority=\"high\" decoding=\"async\" class=\"wp-image-12738 size-medium\" src=\"https:\/\/inemjose.edu.co\/colegio\/newsite2021\/wp-content\/uploads\/2022\/09\/6-225x300.jpg\" alt=\"\" width=\"225\" height=\"300\" \/><figcaption id=\"caption-attachment-12738\" class=\"wp-caption-text\">\u00c1rbol solar y centro de monitoreo ambiental del Departamento de Industrial del Inem Jos\u00e9 F\u00e9lix de Restrepo<\/figcaption><\/figure>\n<p align=\"justify\">Hagamos pedagog\u00eda con el \u00e1rbol solar de nuestra instituci\u00f3n. Un \u00e1rbol solar es un dispositivo colector de energ\u00eda solar, que transforma esa energ\u00eda radiante en energ\u00eda el\u00e9ctrica mediante un proceso fotoqu\u00edmico. Los rayos solares inciden en las placas o celdas solares y all\u00ed se genera una corriente el\u00e9ctrica contin\u00faa. Esta corriente se conduce a una central donde la transformamos en corriente alterna (alternadores, reguladores, distribuidores), pero adem\u00e1s la central cuenta con un banco de bater\u00edas, cuya funci\u00f3n es recargarse durante el d\u00eda, para que cuando llegue la sombra, la energ\u00eda fluya desde las bater\u00edas al sistema; de tal modo que se mantiene un ciclo constante que alimenta nuestros circuitos y podamos suplir el abastecimiento energ\u00e9tico b\u00e1sico (podemos por ejemplo usar nuestro \u00e1rbol solar para cargar celulares, tablets, portatiles, etc. Tambi\u00e9n podr\u00edamos conectar un equipo de audio, ah\u00ed en las toma corrientes de suministro).<\/p>\n","protected":false},"excerpt":{"rendered":"<p>Energ\u00eda solar fotovoltaica, Electr\u00f3nica, Automatizaci\u00f3n industrial y Patronaje y escalado en prendas de vestir. Los paneles solares son celdas que reciben radiaci\u00f3n solar y la transforman en energ\u00eda el\u00e9ctrica. Aqu\u00ed, en el Departamento de Industrial transitamos hacia el nuevo cambio &hellip; <\/p>\n","protected":false},"author":516,"featured_media":0,"comment_status":"open","ping_status":"open","sticky":false,"template":"","format":"image","meta":{"_bbp_topic_count":0,"_bbp_reply_count":0,"_bbp_total_topic_count":0,"_bbp_total_reply_count":0,"_bbp_voice_count":0,"_bbp_anonymous_reply_count":0,"_bbp_topic_count_hidden":0,"_bbp_reply_count_hidden":0,"_bbp_forum_subforum_count":0,"_angie_page":false,"pmpro_default_level":"","rs_blank_template":"","rs_page_bg_color":"","slide_template_v7":"","page_builder":"","footnotes":""},"categories":[98,102],"tags":[],"class_list":["post-12589","post","type-post","status-publish","format-image","hentry","category-departamento-industrial","category-mantenimiento-e-instalacion-de-sistemas-solares-fotovoltaicos","post_format-post-format-image","pmpro-has-access"],"yoast_head":"<!-- This site is optimized with the Yoast SEO plugin v27.4 - https:\/\/yoast.com\/product\/yoast-seo-wordpress\/ -->\n<title>INEM avanza en Energ\u00eda solar - I.E INEM Jos\u00e9 F\u00e9lix De Restrepo<\/title>\n<meta name=\"robots\" content=\"index, follow, max-snippet:-1, max-image-preview:large, max-video-preview:-1\" \/>\n<link rel=\"canonical\" href=\"https:\/\/inemjose.edu.co\/colegio\/newsite2021\/2022\/09\/02\/como-vamos-con-energia-solar\/\" \/>\n<meta property=\"og:locale\" content=\"es_ES\" \/>\n<meta property=\"og:type\" content=\"article\" \/>\n<meta property=\"og:title\" content=\"INEM avanza en Energ\u00eda solar - I.E INEM Jos\u00e9 F\u00e9lix De Restrepo\" \/>\n<meta property=\"og:description\" content=\"Energ\u00eda solar fotovoltaica, Electr\u00f3nica, Automatizaci\u00f3n industrial y Patronaje y escalado en prendas de vestir. Los paneles solares son celdas que reciben radiaci\u00f3n solar y la transforman en energ\u00eda el\u00e9ctrica. Aqu\u00ed, en el Departamento de Industrial transitamos hacia el nuevo cambio &hellip;\" \/>\n<meta property=\"og:url\" content=\"https:\/\/inemjose.edu.co\/colegio\/newsite2021\/2022\/09\/02\/como-vamos-con-energia-solar\/\" \/>\n<meta property=\"og:site_name\" content=\"I.E INEM Jos\u00e9 F\u00e9lix De Restrepo\" \/>\n<meta property=\"article:publisher\" content=\"https:\/\/www.facebook.com\/inemjoseoficial\/\" \/>\n<meta property=\"article:published_time\" content=\"2022-09-02T14:52:26+00:00\" \/>\n<meta property=\"article:modified_time\" content=\"2022-09-02T16:15:00+00:00\" \/>\n<meta property=\"og:image\" content=\"https:\/\/inemjose.edu.co\/colegio\/newsite2021\/wp-content\/uploads\/2022\/09\/6-225x300.jpg\" \/>\n<meta name=\"author\" content=\"daniel\" \/>\n<meta name=\"twitter:card\" content=\"summary_large_image\" \/>\n<meta name=\"twitter:label1\" content=\"Escrito por\" \/>\n\t<meta name=\"twitter:data1\" content=\"daniel\" \/>\n\t<meta name=\"twitter:label2\" content=\"Tiempo de lectura\" \/>\n\t<meta name=\"twitter:data2\" content=\"2 minutos\" \/>\n<script type=\"application\/ld+json\" class=\"yoast-schema-graph\">{\"@context\":\"https:\\\/\\\/schema.org\",\"@graph\":[{\"@type\":\"Article\",\"@id\":\"https:\\\/\\\/inemjose.edu.co\\\/colegio\\\/newsite2021\\\/2022\\\/09\\\/02\\\/como-vamos-con-energia-solar\\\/#article\",\"isPartOf\":{\"@id\":\"https:\\\/\\\/inemjose.edu.co\\\/colegio\\\/newsite2021\\\/2022\\\/09\\\/02\\\/como-vamos-con-energia-solar\\\/\"},\"author\":{\"name\":\"daniel\",\"@id\":\"https:\\\/\\\/inemjose.edu.co\\\/colegio\\\/newsite2021\\\/#\\\/schema\\\/person\\\/764a9fb6d1987ec22da0926ddc15db88\"},\"headline\":\"INEM avanza en Energ\u00eda solar\",\"datePublished\":\"2022-09-02T14:52:26+00:00\",\"dateModified\":\"2022-09-02T16:15:00+00:00\",\"mainEntityOfPage\":{\"@id\":\"https:\\\/\\\/inemjose.edu.co\\\/colegio\\\/newsite2021\\\/2022\\\/09\\\/02\\\/como-vamos-con-energia-solar\\\/\"},\"wordCount\":311,\"commentCount\":0,\"publisher\":{\"@id\":\"https:\\\/\\\/inemjose.edu.co\\\/colegio\\\/newsite2021\\\/#organization\"},\"image\":{\"@id\":\"https:\\\/\\\/inemjose.edu.co\\\/colegio\\\/newsite2021\\\/2022\\\/09\\\/02\\\/como-vamos-con-energia-solar\\\/#primaryimage\"},\"thumbnailUrl\":\"https:\\\/\\\/inemjose.edu.co\\\/colegio\\\/newsite2021\\\/wp-content\\\/uploads\\\/2022\\\/09\\\/6-225x300.jpg\",\"articleSection\":[\"Departamento Industrial\",\"Mantenimiento e Instalaci\u00f3n de Sistemas Solares Fotovoltaicos\"],\"inLanguage\":\"es-CO\",\"potentialAction\":[{\"@type\":\"CommentAction\",\"name\":\"Comment\",\"target\":[\"https:\\\/\\\/inemjose.edu.co\\\/colegio\\\/newsite2021\\\/2022\\\/09\\\/02\\\/como-vamos-con-energia-solar\\\/#respond\"]}]},{\"@type\":\"WebPage\",\"@id\":\"https:\\\/\\\/inemjose.edu.co\\\/colegio\\\/newsite2021\\\/2022\\\/09\\\/02\\\/como-vamos-con-energia-solar\\\/\",\"url\":\"https:\\\/\\\/inemjose.edu.co\\\/colegio\\\/newsite2021\\\/2022\\\/09\\\/02\\\/como-vamos-con-energia-solar\\\/\",\"name\":\"INEM avanza en Energ\u00eda solar - I.E INEM Jos\u00e9 F\u00e9lix De Restrepo\",\"isPartOf\":{\"@id\":\"https:\\\/\\\/inemjose.edu.co\\\/colegio\\\/newsite2021\\\/#website\"},\"primaryImageOfPage\":{\"@id\":\"https:\\\/\\\/inemjose.edu.co\\\/colegio\\\/newsite2021\\\/2022\\\/09\\\/02\\\/como-vamos-con-energia-solar\\\/#primaryimage\"},\"image\":{\"@id\":\"https:\\\/\\\/inemjose.edu.co\\\/colegio\\\/newsite2021\\\/2022\\\/09\\\/02\\\/como-vamos-con-energia-solar\\\/#primaryimage\"},\"thumbnailUrl\":\"https:\\\/\\\/inemjose.edu.co\\\/colegio\\\/newsite2021\\\/wp-content\\\/uploads\\\/2022\\\/09\\\/6-225x300.jpg\",\"datePublished\":\"2022-09-02T14:52:26+00:00\",\"dateModified\":\"2022-09-02T16:15:00+00:00\",\"breadcrumb\":{\"@id\":\"https:\\\/\\\/inemjose.edu.co\\\/colegio\\\/newsite2021\\\/2022\\\/09\\\/02\\\/como-vamos-con-energia-solar\\\/#breadcrumb\"},\"inLanguage\":\"es-CO\",\"potentialAction\":[{\"@type\":\"ReadAction\",\"target\":[\"https:\\\/\\\/inemjose.edu.co\\\/colegio\\\/newsite2021\\\/2022\\\/09\\\/02\\\/como-vamos-con-energia-solar\\\/\"]}]},{\"@type\":\"ImageObject\",\"inLanguage\":\"es-CO\",\"@id\":\"https:\\\/\\\/inemjose.edu.co\\\/colegio\\\/newsite2021\\\/2022\\\/09\\\/02\\\/como-vamos-con-energia-solar\\\/#primaryimage\",\"url\":\"\",\"contentUrl\":\"\"},{\"@type\":\"BreadcrumbList\",\"@id\":\"https:\\\/\\\/inemjose.edu.co\\\/colegio\\\/newsite2021\\\/2022\\\/09\\\/02\\\/como-vamos-con-energia-solar\\\/#breadcrumb\",\"itemListElement\":[{\"@type\":\"ListItem\",\"position\":1,\"name\":\"Inicio\",\"item\":\"https:\\\/\\\/inemjose.edu.co\\\/colegio\\\/newsite2021\\\/\"},{\"@type\":\"ListItem\",\"position\":2,\"name\":\"INEM avanza en Energ\u00eda solar\"}]},{\"@type\":\"WebSite\",\"@id\":\"https:\\\/\\\/inemjose.edu.co\\\/colegio\\\/newsite2021\\\/#website\",\"url\":\"https:\\\/\\\/inemjose.edu.co\\\/colegio\\\/newsite2021\\\/\",\"name\":\"I.E INEM Jos\u00e9 F\u00e9lix De Restrepo\",\"description\":\"I.E INEM Jos\u00e9 F\u00e9lix De Restrepo\",\"publisher\":{\"@id\":\"https:\\\/\\\/inemjose.edu.co\\\/colegio\\\/newsite2021\\\/#organization\"},\"potentialAction\":[{\"@type\":\"SearchAction\",\"target\":{\"@type\":\"EntryPoint\",\"urlTemplate\":\"https:\\\/\\\/inemjose.edu.co\\\/colegio\\\/newsite2021\\\/?s={search_term_string}\"},\"query-input\":{\"@type\":\"PropertyValueSpecification\",\"valueRequired\":true,\"valueName\":\"search_term_string\"}}],\"inLanguage\":\"es-CO\"},{\"@type\":\"Organization\",\"@id\":\"https:\\\/\\\/inemjose.edu.co\\\/colegio\\\/newsite2021\\\/#organization\",\"name\":\"INEM MEDELLIN\",\"url\":\"https:\\\/\\\/inemjose.edu.co\\\/colegio\\\/newsite2021\\\/\",\"logo\":{\"@type\":\"ImageObject\",\"inLanguage\":\"es-CO\",\"@id\":\"https:\\\/\\\/inemjose.edu.co\\\/colegio\\\/newsite2021\\\/#\\\/schema\\\/logo\\\/image\\\/\",\"url\":\"https:\\\/\\\/inemjose.edu.co\\\/colegio\\\/newsite2021\\\/wp-content\\\/uploads\\\/2022\\\/03\\\/escudoaltaresolucion.png\",\"contentUrl\":\"https:\\\/\\\/inemjose.edu.co\\\/colegio\\\/newsite2021\\\/wp-content\\\/uploads\\\/2022\\\/03\\\/escudoaltaresolucion.png\",\"width\":410,\"height\":550,\"caption\":\"INEM MEDELLIN\"},\"image\":{\"@id\":\"https:\\\/\\\/inemjose.edu.co\\\/colegio\\\/newsite2021\\\/#\\\/schema\\\/logo\\\/image\\\/\"},\"sameAs\":[\"https:\\\/\\\/www.facebook.com\\\/inemjoseoficial\\\/\",\"https:\\\/\\\/www.instagram.com\\\/inem_medellin\\\/\",\"https:\\\/\\\/www.youtube.com\\\/user\\\/inemtelevision\\\/featured\"]},{\"@type\":\"Person\",\"@id\":\"https:\\\/\\\/inemjose.edu.co\\\/colegio\\\/newsite2021\\\/#\\\/schema\\\/person\\\/764a9fb6d1987ec22da0926ddc15db88\",\"name\":\"daniel\",\"image\":{\"@type\":\"ImageObject\",\"inLanguage\":\"es-CO\",\"@id\":\"\\\/\\\/www.gravatar.com\\\/avatar\\\/501e5d0618bb83bc8ba0e973b90a7e66?s=96&#038;r=g&#038;d=mm\",\"url\":\"\\\/\\\/www.gravatar.com\\\/avatar\\\/501e5d0618bb83bc8ba0e973b90a7e66?s=96&#038;r=g&#038;d=mm\",\"contentUrl\":\"\\\/\\\/www.gravatar.com\\\/avatar\\\/501e5d0618bb83bc8ba0e973b90a7e66?s=96&#038;r=g&#038;d=mm\",\"caption\":\"daniel\"},\"url\":\"https:\\\/\\\/inemjose.edu.co\\\/colegio\\\/newsite2021\\\/author\\\/contratista\\\/\"}]}<\/script>\n<!-- \/ Yoast SEO plugin. -->","yoast_head_json":{"title":"INEM avanza en Energ\u00eda solar - I.E INEM Jos\u00e9 F\u00e9lix De Restrepo","robots":{"index":"index","follow":"follow","max-snippet":"max-snippet:-1","max-image-preview":"max-image-preview:large","max-video-preview":"max-video-preview:-1"},"canonical":"https:\/\/inemjose.edu.co\/colegio\/newsite2021\/2022\/09\/02\/como-vamos-con-energia-solar\/","og_locale":"es_ES","og_type":"article","og_title":"INEM avanza en Energ\u00eda solar - I.E INEM Jos\u00e9 F\u00e9lix De Restrepo","og_description":"Energ\u00eda solar fotovoltaica, Electr\u00f3nica, Automatizaci\u00f3n industrial y Patronaje y escalado en prendas de vestir. Los paneles solares son celdas que reciben radiaci\u00f3n solar y la transforman en energ\u00eda el\u00e9ctrica. Aqu\u00ed, en el Departamento de Industrial transitamos hacia el nuevo cambio &hellip;","og_url":"https:\/\/inemjose.edu.co\/colegio\/newsite2021\/2022\/09\/02\/como-vamos-con-energia-solar\/","og_site_name":"I.E INEM Jos\u00e9 F\u00e9lix De Restrepo","article_publisher":"https:\/\/www.facebook.com\/inemjoseoficial\/","article_published_time":"2022-09-02T14:52:26+00:00","article_modified_time":"2022-09-02T16:15:00+00:00","og_image":[{"url":"https:\/\/inemjose.edu.co\/colegio\/newsite2021\/wp-content\/uploads\/2022\/09\/6-225x300.jpg","type":"","width":"","height":""}],"author":"daniel","twitter_card":"summary_large_image","twitter_misc":{"Escrito por":"daniel","Tiempo de lectura":"2 minutos"},"schema":{"@context":"https:\/\/schema.org","@graph":[{"@type":"Article","@id":"https:\/\/inemjose.edu.co\/colegio\/newsite2021\/2022\/09\/02\/como-vamos-con-energia-solar\/#article","isPartOf":{"@id":"https:\/\/inemjose.edu.co\/colegio\/newsite2021\/2022\/09\/02\/como-vamos-con-energia-solar\/"},"author":{"name":"daniel","@id":"https:\/\/inemjose.edu.co\/colegio\/newsite2021\/#\/schema\/person\/764a9fb6d1987ec22da0926ddc15db88"},"headline":"INEM avanza en Energ\u00eda solar","datePublished":"2022-09-02T14:52:26+00:00","dateModified":"2022-09-02T16:15:00+00:00","mainEntityOfPage":{"@id":"https:\/\/inemjose.edu.co\/colegio\/newsite2021\/2022\/09\/02\/como-vamos-con-energia-solar\/"},"wordCount":311,"commentCount":0,"publisher":{"@id":"https:\/\/inemjose.edu.co\/colegio\/newsite2021\/#organization"},"image":{"@id":"https:\/\/inemjose.edu.co\/colegio\/newsite2021\/2022\/09\/02\/como-vamos-con-energia-solar\/#primaryimage"},"thumbnailUrl":"https:\/\/inemjose.edu.co\/colegio\/newsite2021\/wp-content\/uploads\/2022\/09\/6-225x300.jpg","articleSection":["Departamento Industrial","Mantenimiento e Instalaci\u00f3n de Sistemas Solares Fotovoltaicos"],"inLanguage":"es-CO","potentialAction":[{"@type":"CommentAction","name":"Comment","target":["https:\/\/inemjose.edu.co\/colegio\/newsite2021\/2022\/09\/02\/como-vamos-con-energia-solar\/#respond"]}]},{"@type":"WebPage","@id":"https:\/\/inemjose.edu.co\/colegio\/newsite2021\/2022\/09\/02\/como-vamos-con-energia-solar\/","url":"https:\/\/inemjose.edu.co\/colegio\/newsite2021\/2022\/09\/02\/como-vamos-con-energia-solar\/","name":"INEM avanza en Energ\u00eda solar - I.E INEM Jos\u00e9 F\u00e9lix De Restrepo","isPartOf":{"@id":"https:\/\/inemjose.edu.co\/colegio\/newsite2021\/#website"},"primaryImageOfPage":{"@id":"https:\/\/inemjose.edu.co\/colegio\/newsite2021\/2022\/09\/02\/como-vamos-con-energia-solar\/#primaryimage"},"image":{"@id":"https:\/\/inemjose.edu.co\/colegio\/newsite2021\/2022\/09\/02\/como-vamos-con-energia-solar\/#primaryimage"},"thumbnailUrl":"https:\/\/inemjose.edu.co\/colegio\/newsite2021\/wp-content\/uploads\/2022\/09\/6-225x300.jpg","datePublished":"2022-09-02T14:52:26+00:00","dateModified":"2022-09-02T16:15:00+00:00","breadcrumb":{"@id":"https:\/\/inemjose.edu.co\/colegio\/newsite2021\/2022\/09\/02\/como-vamos-con-energia-solar\/#breadcrumb"},"inLanguage":"es-CO","potentialAction":[{"@type":"ReadAction","target":["https:\/\/inemjose.edu.co\/colegio\/newsite2021\/2022\/09\/02\/como-vamos-con-energia-solar\/"]}]},{"@type":"ImageObject","inLanguage":"es-CO","@id":"https:\/\/inemjose.edu.co\/colegio\/newsite2021\/2022\/09\/02\/como-vamos-con-energia-solar\/#primaryimage","url":"","contentUrl":""},{"@type":"BreadcrumbList","@id":"https:\/\/inemjose.edu.co\/colegio\/newsite2021\/2022\/09\/02\/como-vamos-con-energia-solar\/#breadcrumb","itemListElement":[{"@type":"ListItem","position":1,"name":"Inicio","item":"https:\/\/inemjose.edu.co\/colegio\/newsite2021\/"},{"@type":"ListItem","position":2,"name":"INEM avanza en Energ\u00eda solar"}]},{"@type":"WebSite","@id":"https:\/\/inemjose.edu.co\/colegio\/newsite2021\/#website","url":"https:\/\/inemjose.edu.co\/colegio\/newsite2021\/","name":"I.E INEM Jos\u00e9 F\u00e9lix De Restrepo","description":"I.E INEM Jos\u00e9 F\u00e9lix De Restrepo","publisher":{"@id":"https:\/\/inemjose.edu.co\/colegio\/newsite2021\/#organization"},"potentialAction":[{"@type":"SearchAction","target":{"@type":"EntryPoint","urlTemplate":"https:\/\/inemjose.edu.co\/colegio\/newsite2021\/?s={search_term_string}"},"query-input":{"@type":"PropertyValueSpecification","valueRequired":true,"valueName":"search_term_string"}}],"inLanguage":"es-CO"},{"@type":"Organization","@id":"https:\/\/inemjose.edu.co\/colegio\/newsite2021\/#organization","name":"INEM MEDELLIN","url":"https:\/\/inemjose.edu.co\/colegio\/newsite2021\/","logo":{"@type":"ImageObject","inLanguage":"es-CO","@id":"https:\/\/inemjose.edu.co\/colegio\/newsite2021\/#\/schema\/logo\/image\/","url":"https:\/\/inemjose.edu.co\/colegio\/newsite2021\/wp-content\/uploads\/2022\/03\/escudoaltaresolucion.png","contentUrl":"https:\/\/inemjose.edu.co\/colegio\/newsite2021\/wp-content\/uploads\/2022\/03\/escudoaltaresolucion.png","width":410,"height":550,"caption":"INEM MEDELLIN"},"image":{"@id":"https:\/\/inemjose.edu.co\/colegio\/newsite2021\/#\/schema\/logo\/image\/"},"sameAs":["https:\/\/www.facebook.com\/inemjoseoficial\/","https:\/\/www.instagram.com\/inem_medellin\/","https:\/\/www.youtube.com\/user\/inemtelevision\/featured"]},{"@type":"Person","@id":"https:\/\/inemjose.edu.co\/colegio\/newsite2021\/#\/schema\/person\/764a9fb6d1987ec22da0926ddc15db88","name":"daniel","image":{"@type":"ImageObject","inLanguage":"es-CO","@id":"\/\/www.gravatar.com\/avatar\/501e5d0618bb83bc8ba0e973b90a7e66?s=96&#038;r=g&#038;d=mm","url":"\/\/www.gravatar.com\/avatar\/501e5d0618bb83bc8ba0e973b90a7e66?s=96&#038;r=g&#038;d=mm","contentUrl":"\/\/www.gravatar.com\/avatar\/501e5d0618bb83bc8ba0e973b90a7e66?s=96&#038;r=g&#038;d=mm","caption":"daniel"},"url":"https:\/\/inemjose.edu.co\/colegio\/newsite2021\/author\/contratista\/"}]}},"_links":{"self":[{"href":"https:\/\/inemjose.edu.co\/colegio\/newsite2021\/wp-json\/wp\/v2\/posts\/12589","targetHints":{"allow":["GET"]}}],"collection":[{"href":"https:\/\/inemjose.edu.co\/colegio\/newsite2021\/wp-json\/wp\/v2\/posts"}],"about":[{"href":"https:\/\/inemjose.edu.co\/colegio\/newsite2021\/wp-json\/wp\/v2\/types\/post"}],"author":[{"embeddable":true,"href":"https:\/\/inemjose.edu.co\/colegio\/newsite2021\/wp-json\/wp\/v2\/users\/516"}],"replies":[{"embeddable":true,"href":"https:\/\/inemjose.edu.co\/colegio\/newsite2021\/wp-json\/wp\/v2\/comments?post=12589"}],"version-history":[{"count":12,"href":"https:\/\/inemjose.edu.co\/colegio\/newsite2021\/wp-json\/wp\/v2\/posts\/12589\/revisions"}],"predecessor-version":[{"id":12739,"href":"https:\/\/inemjose.edu.co\/colegio\/newsite2021\/wp-json\/wp\/v2\/posts\/12589\/revisions\/12739"}],"wp:attachment":[{"href":"https:\/\/inemjose.edu.co\/colegio\/newsite2021\/wp-json\/wp\/v2\/media?parent=12589"}],"wp:term":[{"taxonomy":"category","embeddable":true,"href":"https:\/\/inemjose.edu.co\/colegio\/newsite2021\/wp-json\/wp\/v2\/categories?post=12589"},{"taxonomy":"post_tag","embeddable":true,"href":"https:\/\/inemjose.edu.co\/colegio\/newsite2021\/wp-json\/wp\/v2\/tags?post=12589"}],"curies":[{"name":"wp","href":"https:\/\/api.w.org\/{rel}","templated":true}]}}