{"id":12740,"date":"2022-09-02T11:23:13","date_gmt":"2022-09-02T16:23:13","guid":{"rendered":"https:\/\/inemjose.edu.co\/colegio\/newsite2021\/?p=12740"},"modified":"2022-09-02T11:27:38","modified_gmt":"2022-09-02T16:27:38","slug":"escalado-y-patronaje-en-prendas-de-vestir","status":"publish","type":"post","link":"https:\/\/inemjose.edu.co\/colegio\/newsite2021\/2022\/09\/02\/escalado-y-patronaje-en-prendas-de-vestir\/","title":{"rendered":"Escalado y patronaje en prendas de vestir"},"content":{"rendered":"<p><img fetchpriority=\"high\" decoding=\"async\" class=\"wp-image-12750 size-medium alignleft\" src=\"https:\/\/inemjose.edu.co\/colegio\/newsite2021\/wp-content\/uploads\/2022\/09\/3-225x300.jpeg\" alt=\"\" width=\"225\" height=\"300\" \/>Escalado y patronaje en prendas de vestir, es una modalidad que proyecta a los estudiantes en el fascinante mundo de la moda. Tambi\u00e9n explora e investiga en el uso de materiales (fibras, telas, texturas) ecol\u00f3gicas.<\/p>\n<p>En el Departamento de Industrial estamos a la vanguardia del pensamiento tecnol\u00f3gico que demanda el siglo XXI y apostamos por una sociedad del conocimiento incluyente, diversa, humana y sensible.<\/p>\n<p>Nuestros estudiantes participan en eventos de ciudad (desfiles, muestras culturales, expomoda, entre otros).<\/p>\n<p>&nbsp;<\/p>\n<p>&nbsp;<\/p>\n<p>Tenemos media t\u00e9cnica vinculada con el Sena (centro de la confecci\u00f3n y de la moda)<\/p>\n\u00a1No se ha encontrado la galer\u00eda!\n","protected":false},"excerpt":{"rendered":"<p>Escalado y patronaje en prendas de vestir, es una modalidad que proyecta a los estudiantes en el fascinante mundo de la moda. Tambi\u00e9n explora e investiga en el uso de materiales (fibras, telas, texturas) ecol\u00f3gicas. En el Departamento de Industrial &hellip; <\/p>\n","protected":false},"author":516,"featured_media":0,"comment_status":"open","ping_status":"open","sticky":false,"template":"","format":"image","meta":{"_bbp_topic_count":0,"_bbp_reply_count":0,"_bbp_total_topic_count":0,"_bbp_total_reply_count":0,"_bbp_voice_count":0,"_bbp_anonymous_reply_count":0,"_bbp_topic_count_hidden":0,"_bbp_reply_count_hidden":0,"_bbp_forum_subforum_count":0,"_angie_page":false,"pmpro_default_level":"","rs_blank_template":"","rs_page_bg_color":"","slide_template_v7":"","page_builder":"","footnotes":""},"categories":[101],"tags":[],"class_list":["post-12740","post","type-post","status-publish","format-image","hentry","category-escalado-y-patronaje-en-prendas-de-vestir","post_format-post-format-image","pmpro-has-access"],"yoast_head":"<!-- This site is optimized with the Yoast SEO plugin v27.4 - https:\/\/yoast.com\/product\/yoast-seo-wordpress\/ -->\n<title>Escalado y patronaje en prendas de vestir - I.E INEM Jos\u00e9 F\u00e9lix De Restrepo<\/title>\n<meta name=\"robots\" content=\"index, follow, max-snippet:-1, max-image-preview:large, max-video-preview:-1\" \/>\n<link rel=\"canonical\" href=\"https:\/\/inemjose.edu.co\/colegio\/newsite2021\/2022\/09\/02\/escalado-y-patronaje-en-prendas-de-vestir\/\" \/>\n<meta property=\"og:locale\" content=\"es_ES\" \/>\n<meta property=\"og:type\" content=\"article\" \/>\n<meta property=\"og:title\" content=\"Escalado y patronaje en prendas de vestir - I.E INEM Jos\u00e9 F\u00e9lix De Restrepo\" \/>\n<meta property=\"og:description\" content=\"Escalado y patronaje en prendas de vestir, es una modalidad que proyecta a los estudiantes en el fascinante mundo de la moda. Tambi\u00e9n explora e investiga en el uso de materiales (fibras, telas, texturas) ecol\u00f3gicas. En el Departamento de Industrial &hellip;\" \/>\n<meta property=\"og:url\" content=\"https:\/\/inemjose.edu.co\/colegio\/newsite2021\/2022\/09\/02\/escalado-y-patronaje-en-prendas-de-vestir\/\" \/>\n<meta property=\"og:site_name\" content=\"I.E INEM Jos\u00e9 F\u00e9lix De Restrepo\" \/>\n<meta property=\"article:publisher\" content=\"https:\/\/www.facebook.com\/inemjoseoficial\/\" \/>\n<meta property=\"article:published_time\" content=\"2022-09-02T16:23:13+00:00\" \/>\n<meta property=\"article:modified_time\" content=\"2022-09-02T16:27:38+00:00\" \/>\n<meta property=\"og:image\" content=\"https:\/\/inemjose.edu.co\/colegio\/newsite2021\/wp-content\/uploads\/2022\/09\/3-225x300.jpeg\" \/>\n<meta name=\"author\" content=\"daniel\" \/>\n<meta name=\"twitter:card\" content=\"summary_large_image\" \/>\n<meta name=\"twitter:label1\" content=\"Escrito por\" \/>\n\t<meta name=\"twitter:data1\" content=\"daniel\" \/>\n\t<meta name=\"twitter:label2\" content=\"Tiempo de lectura\" \/>\n\t<meta name=\"twitter:data2\" content=\"1 minuto\" \/>\n<script type=\"application\/ld+json\" class=\"yoast-schema-graph\">{\"@context\":\"https:\\\/\\\/schema.org\",\"@graph\":[{\"@type\":\"Article\",\"@id\":\"https:\\\/\\\/inemjose.edu.co\\\/colegio\\\/newsite2021\\\/2022\\\/09\\\/02\\\/escalado-y-patronaje-en-prendas-de-vestir\\\/#article\",\"isPartOf\":{\"@id\":\"https:\\\/\\\/inemjose.edu.co\\\/colegio\\\/newsite2021\\\/2022\\\/09\\\/02\\\/escalado-y-patronaje-en-prendas-de-vestir\\\/\"},\"author\":{\"name\":\"daniel\",\"@id\":\"https:\\\/\\\/inemjose.edu.co\\\/colegio\\\/newsite2021\\\/#\\\/schema\\\/person\\\/764a9fb6d1987ec22da0926ddc15db88\"},\"headline\":\"Escalado y patronaje en prendas de vestir\",\"datePublished\":\"2022-09-02T16:23:13+00:00\",\"dateModified\":\"2022-09-02T16:27:38+00:00\",\"mainEntityOfPage\":{\"@id\":\"https:\\\/\\\/inemjose.edu.co\\\/colegio\\\/newsite2021\\\/2022\\\/09\\\/02\\\/escalado-y-patronaje-en-prendas-de-vestir\\\/\"},\"wordCount\":108,\"commentCount\":0,\"publisher\":{\"@id\":\"https:\\\/\\\/inemjose.edu.co\\\/colegio\\\/newsite2021\\\/#organization\"},\"image\":{\"@id\":\"https:\\\/\\\/inemjose.edu.co\\\/colegio\\\/newsite2021\\\/2022\\\/09\\\/02\\\/escalado-y-patronaje-en-prendas-de-vestir\\\/#primaryimage\"},\"thumbnailUrl\":\"https:\\\/\\\/inemjose.edu.co\\\/colegio\\\/newsite2021\\\/wp-content\\\/uploads\\\/2022\\\/09\\\/3-225x300.jpeg\",\"articleSection\":[\"Escalado y Patronaje en prendas de vestir\"],\"inLanguage\":\"es-CO\",\"potentialAction\":[{\"@type\":\"CommentAction\",\"name\":\"Comment\",\"target\":[\"https:\\\/\\\/inemjose.edu.co\\\/colegio\\\/newsite2021\\\/2022\\\/09\\\/02\\\/escalado-y-patronaje-en-prendas-de-vestir\\\/#respond\"]}]},{\"@type\":\"WebPage\",\"@id\":\"https:\\\/\\\/inemjose.edu.co\\\/colegio\\\/newsite2021\\\/2022\\\/09\\\/02\\\/escalado-y-patronaje-en-prendas-de-vestir\\\/\",\"url\":\"https:\\\/\\\/inemjose.edu.co\\\/colegio\\\/newsite2021\\\/2022\\\/09\\\/02\\\/escalado-y-patronaje-en-prendas-de-vestir\\\/\",\"name\":\"Escalado y patronaje en prendas de vestir - I.E INEM Jos\u00e9 F\u00e9lix De Restrepo\",\"isPartOf\":{\"@id\":\"https:\\\/\\\/inemjose.edu.co\\\/colegio\\\/newsite2021\\\/#website\"},\"primaryImageOfPage\":{\"@id\":\"https:\\\/\\\/inemjose.edu.co\\\/colegio\\\/newsite2021\\\/2022\\\/09\\\/02\\\/escalado-y-patronaje-en-prendas-de-vestir\\\/#primaryimage\"},\"image\":{\"@id\":\"https:\\\/\\\/inemjose.edu.co\\\/colegio\\\/newsite2021\\\/2022\\\/09\\\/02\\\/escalado-y-patronaje-en-prendas-de-vestir\\\/#primaryimage\"},\"thumbnailUrl\":\"https:\\\/\\\/inemjose.edu.co\\\/colegio\\\/newsite2021\\\/wp-content\\\/uploads\\\/2022\\\/09\\\/3-225x300.jpeg\",\"datePublished\":\"2022-09-02T16:23:13+00:00\",\"dateModified\":\"2022-09-02T16:27:38+00:00\",\"breadcrumb\":{\"@id\":\"https:\\\/\\\/inemjose.edu.co\\\/colegio\\\/newsite2021\\\/2022\\\/09\\\/02\\\/escalado-y-patronaje-en-prendas-de-vestir\\\/#breadcrumb\"},\"inLanguage\":\"es-CO\",\"potentialAction\":[{\"@type\":\"ReadAction\",\"target\":[\"https:\\\/\\\/inemjose.edu.co\\\/colegio\\\/newsite2021\\\/2022\\\/09\\\/02\\\/escalado-y-patronaje-en-prendas-de-vestir\\\/\"]}]},{\"@type\":\"ImageObject\",\"inLanguage\":\"es-CO\",\"@id\":\"https:\\\/\\\/inemjose.edu.co\\\/colegio\\\/newsite2021\\\/2022\\\/09\\\/02\\\/escalado-y-patronaje-en-prendas-de-vestir\\\/#primaryimage\",\"url\":\"\",\"contentUrl\":\"\"},{\"@type\":\"BreadcrumbList\",\"@id\":\"https:\\\/\\\/inemjose.edu.co\\\/colegio\\\/newsite2021\\\/2022\\\/09\\\/02\\\/escalado-y-patronaje-en-prendas-de-vestir\\\/#breadcrumb\",\"itemListElement\":[{\"@type\":\"ListItem\",\"position\":1,\"name\":\"Inicio\",\"item\":\"https:\\\/\\\/inemjose.edu.co\\\/colegio\\\/newsite2021\\\/\"},{\"@type\":\"ListItem\",\"position\":2,\"name\":\"Escalado y patronaje en prendas de vestir\"}]},{\"@type\":\"WebSite\",\"@id\":\"https:\\\/\\\/inemjose.edu.co\\\/colegio\\\/newsite2021\\\/#website\",\"url\":\"https:\\\/\\\/inemjose.edu.co\\\/colegio\\\/newsite2021\\\/\",\"name\":\"I.E INEM Jos\u00e9 F\u00e9lix De Restrepo\",\"description\":\"I.E INEM Jos\u00e9 F\u00e9lix De Restrepo\",\"publisher\":{\"@id\":\"https:\\\/\\\/inemjose.edu.co\\\/colegio\\\/newsite2021\\\/#organization\"},\"potentialAction\":[{\"@type\":\"SearchAction\",\"target\":{\"@type\":\"EntryPoint\",\"urlTemplate\":\"https:\\\/\\\/inemjose.edu.co\\\/colegio\\\/newsite2021\\\/?s={search_term_string}\"},\"query-input\":{\"@type\":\"PropertyValueSpecification\",\"valueRequired\":true,\"valueName\":\"search_term_string\"}}],\"inLanguage\":\"es-CO\"},{\"@type\":\"Organization\",\"@id\":\"https:\\\/\\\/inemjose.edu.co\\\/colegio\\\/newsite2021\\\/#organization\",\"name\":\"INEM MEDELLIN\",\"url\":\"https:\\\/\\\/inemjose.edu.co\\\/colegio\\\/newsite2021\\\/\",\"logo\":{\"@type\":\"ImageObject\",\"inLanguage\":\"es-CO\",\"@id\":\"https:\\\/\\\/inemjose.edu.co\\\/colegio\\\/newsite2021\\\/#\\\/schema\\\/logo\\\/image\\\/\",\"url\":\"https:\\\/\\\/inemjose.edu.co\\\/colegio\\\/newsite2021\\\/wp-content\\\/uploads\\\/2022\\\/03\\\/escudoaltaresolucion.png\",\"contentUrl\":\"https:\\\/\\\/inemjose.edu.co\\\/colegio\\\/newsite2021\\\/wp-content\\\/uploads\\\/2022\\\/03\\\/escudoaltaresolucion.png\",\"width\":410,\"height\":550,\"caption\":\"INEM MEDELLIN\"},\"image\":{\"@id\":\"https:\\\/\\\/inemjose.edu.co\\\/colegio\\\/newsite2021\\\/#\\\/schema\\\/logo\\\/image\\\/\"},\"sameAs\":[\"https:\\\/\\\/www.facebook.com\\\/inemjoseoficial\\\/\",\"https:\\\/\\\/www.instagram.com\\\/inem_medellin\\\/\",\"https:\\\/\\\/www.youtube.com\\\/user\\\/inemtelevision\\\/featured\"]},{\"@type\":\"Person\",\"@id\":\"https:\\\/\\\/inemjose.edu.co\\\/colegio\\\/newsite2021\\\/#\\\/schema\\\/person\\\/764a9fb6d1987ec22da0926ddc15db88\",\"name\":\"daniel\",\"image\":{\"@type\":\"ImageObject\",\"inLanguage\":\"es-CO\",\"@id\":\"\\\/\\\/www.gravatar.com\\\/avatar\\\/501e5d0618bb83bc8ba0e973b90a7e66?s=96&#038;r=g&#038;d=mm\",\"url\":\"\\\/\\\/www.gravatar.com\\\/avatar\\\/501e5d0618bb83bc8ba0e973b90a7e66?s=96&#038;r=g&#038;d=mm\",\"contentUrl\":\"\\\/\\\/www.gravatar.com\\\/avatar\\\/501e5d0618bb83bc8ba0e973b90a7e66?s=96&#038;r=g&#038;d=mm\",\"caption\":\"daniel\"},\"url\":\"https:\\\/\\\/inemjose.edu.co\\\/colegio\\\/newsite2021\\\/author\\\/contratista\\\/\"}]}<\/script>\n<!-- \/ Yoast SEO plugin. -->","yoast_head_json":{"title":"Escalado y patronaje en prendas de vestir - I.E INEM Jos\u00e9 F\u00e9lix De Restrepo","robots":{"index":"index","follow":"follow","max-snippet":"max-snippet:-1","max-image-preview":"max-image-preview:large","max-video-preview":"max-video-preview:-1"},"canonical":"https:\/\/inemjose.edu.co\/colegio\/newsite2021\/2022\/09\/02\/escalado-y-patronaje-en-prendas-de-vestir\/","og_locale":"es_ES","og_type":"article","og_title":"Escalado y patronaje en prendas de vestir - I.E INEM Jos\u00e9 F\u00e9lix De Restrepo","og_description":"Escalado y patronaje en prendas de vestir, es una modalidad que proyecta a los estudiantes en el fascinante mundo de la moda. Tambi\u00e9n explora e investiga en el uso de materiales (fibras, telas, texturas) ecol\u00f3gicas. En el Departamento de Industrial &hellip;","og_url":"https:\/\/inemjose.edu.co\/colegio\/newsite2021\/2022\/09\/02\/escalado-y-patronaje-en-prendas-de-vestir\/","og_site_name":"I.E INEM Jos\u00e9 F\u00e9lix De Restrepo","article_publisher":"https:\/\/www.facebook.com\/inemjoseoficial\/","article_published_time":"2022-09-02T16:23:13+00:00","article_modified_time":"2022-09-02T16:27:38+00:00","og_image":[{"url":"https:\/\/inemjose.edu.co\/colegio\/newsite2021\/wp-content\/uploads\/2022\/09\/3-225x300.jpeg","type":"","width":"","height":""}],"author":"daniel","twitter_card":"summary_large_image","twitter_misc":{"Escrito por":"daniel","Tiempo de lectura":"1 minuto"},"schema":{"@context":"https:\/\/schema.org","@graph":[{"@type":"Article","@id":"https:\/\/inemjose.edu.co\/colegio\/newsite2021\/2022\/09\/02\/escalado-y-patronaje-en-prendas-de-vestir\/#article","isPartOf":{"@id":"https:\/\/inemjose.edu.co\/colegio\/newsite2021\/2022\/09\/02\/escalado-y-patronaje-en-prendas-de-vestir\/"},"author":{"name":"daniel","@id":"https:\/\/inemjose.edu.co\/colegio\/newsite2021\/#\/schema\/person\/764a9fb6d1987ec22da0926ddc15db88"},"headline":"Escalado y patronaje en prendas de vestir","datePublished":"2022-09-02T16:23:13+00:00","dateModified":"2022-09-02T16:27:38+00:00","mainEntityOfPage":{"@id":"https:\/\/inemjose.edu.co\/colegio\/newsite2021\/2022\/09\/02\/escalado-y-patronaje-en-prendas-de-vestir\/"},"wordCount":108,"commentCount":0,"publisher":{"@id":"https:\/\/inemjose.edu.co\/colegio\/newsite2021\/#organization"},"image":{"@id":"https:\/\/inemjose.edu.co\/colegio\/newsite2021\/2022\/09\/02\/escalado-y-patronaje-en-prendas-de-vestir\/#primaryimage"},"thumbnailUrl":"https:\/\/inemjose.edu.co\/colegio\/newsite2021\/wp-content\/uploads\/2022\/09\/3-225x300.jpeg","articleSection":["Escalado y Patronaje en prendas de vestir"],"inLanguage":"es-CO","potentialAction":[{"@type":"CommentAction","name":"Comment","target":["https:\/\/inemjose.edu.co\/colegio\/newsite2021\/2022\/09\/02\/escalado-y-patronaje-en-prendas-de-vestir\/#respond"]}]},{"@type":"WebPage","@id":"https:\/\/inemjose.edu.co\/colegio\/newsite2021\/2022\/09\/02\/escalado-y-patronaje-en-prendas-de-vestir\/","url":"https:\/\/inemjose.edu.co\/colegio\/newsite2021\/2022\/09\/02\/escalado-y-patronaje-en-prendas-de-vestir\/","name":"Escalado y patronaje en prendas de vestir - I.E INEM Jos\u00e9 F\u00e9lix De Restrepo","isPartOf":{"@id":"https:\/\/inemjose.edu.co\/colegio\/newsite2021\/#website"},"primaryImageOfPage":{"@id":"https:\/\/inemjose.edu.co\/colegio\/newsite2021\/2022\/09\/02\/escalado-y-patronaje-en-prendas-de-vestir\/#primaryimage"},"image":{"@id":"https:\/\/inemjose.edu.co\/colegio\/newsite2021\/2022\/09\/02\/escalado-y-patronaje-en-prendas-de-vestir\/#primaryimage"},"thumbnailUrl":"https:\/\/inemjose.edu.co\/colegio\/newsite2021\/wp-content\/uploads\/2022\/09\/3-225x300.jpeg","datePublished":"2022-09-02T16:23:13+00:00","dateModified":"2022-09-02T16:27:38+00:00","breadcrumb":{"@id":"https:\/\/inemjose.edu.co\/colegio\/newsite2021\/2022\/09\/02\/escalado-y-patronaje-en-prendas-de-vestir\/#breadcrumb"},"inLanguage":"es-CO","potentialAction":[{"@type":"ReadAction","target":["https:\/\/inemjose.edu.co\/colegio\/newsite2021\/2022\/09\/02\/escalado-y-patronaje-en-prendas-de-vestir\/"]}]},{"@type":"ImageObject","inLanguage":"es-CO","@id":"https:\/\/inemjose.edu.co\/colegio\/newsite2021\/2022\/09\/02\/escalado-y-patronaje-en-prendas-de-vestir\/#primaryimage","url":"","contentUrl":""},{"@type":"BreadcrumbList","@id":"https:\/\/inemjose.edu.co\/colegio\/newsite2021\/2022\/09\/02\/escalado-y-patronaje-en-prendas-de-vestir\/#breadcrumb","itemListElement":[{"@type":"ListItem","position":1,"name":"Inicio","item":"https:\/\/inemjose.edu.co\/colegio\/newsite2021\/"},{"@type":"ListItem","position":2,"name":"Escalado y patronaje en prendas de vestir"}]},{"@type":"WebSite","@id":"https:\/\/inemjose.edu.co\/colegio\/newsite2021\/#website","url":"https:\/\/inemjose.edu.co\/colegio\/newsite2021\/","name":"I.E INEM Jos\u00e9 F\u00e9lix De Restrepo","description":"I.E INEM Jos\u00e9 F\u00e9lix De Restrepo","publisher":{"@id":"https:\/\/inemjose.edu.co\/colegio\/newsite2021\/#organization"},"potentialAction":[{"@type":"SearchAction","target":{"@type":"EntryPoint","urlTemplate":"https:\/\/inemjose.edu.co\/colegio\/newsite2021\/?s={search_term_string}"},"query-input":{"@type":"PropertyValueSpecification","valueRequired":true,"valueName":"search_term_string"}}],"inLanguage":"es-CO"},{"@type":"Organization","@id":"https:\/\/inemjose.edu.co\/colegio\/newsite2021\/#organization","name":"INEM MEDELLIN","url":"https:\/\/inemjose.edu.co\/colegio\/newsite2021\/","logo":{"@type":"ImageObject","inLanguage":"es-CO","@id":"https:\/\/inemjose.edu.co\/colegio\/newsite2021\/#\/schema\/logo\/image\/","url":"https:\/\/inemjose.edu.co\/colegio\/newsite2021\/wp-content\/uploads\/2022\/03\/escudoaltaresolucion.png","contentUrl":"https:\/\/inemjose.edu.co\/colegio\/newsite2021\/wp-content\/uploads\/2022\/03\/escudoaltaresolucion.png","width":410,"height":550,"caption":"INEM MEDELLIN"},"image":{"@id":"https:\/\/inemjose.edu.co\/colegio\/newsite2021\/#\/schema\/logo\/image\/"},"sameAs":["https:\/\/www.facebook.com\/inemjoseoficial\/","https:\/\/www.instagram.com\/inem_medellin\/","https:\/\/www.youtube.com\/user\/inemtelevision\/featured"]},{"@type":"Person","@id":"https:\/\/inemjose.edu.co\/colegio\/newsite2021\/#\/schema\/person\/764a9fb6d1987ec22da0926ddc15db88","name":"daniel","image":{"@type":"ImageObject","inLanguage":"es-CO","@id":"\/\/www.gravatar.com\/avatar\/501e5d0618bb83bc8ba0e973b90a7e66?s=96&#038;r=g&#038;d=mm","url":"\/\/www.gravatar.com\/avatar\/501e5d0618bb83bc8ba0e973b90a7e66?s=96&#038;r=g&#038;d=mm","contentUrl":"\/\/www.gravatar.com\/avatar\/501e5d0618bb83bc8ba0e973b90a7e66?s=96&#038;r=g&#038;d=mm","caption":"daniel"},"url":"https:\/\/inemjose.edu.co\/colegio\/newsite2021\/author\/contratista\/"}]}},"_links":{"self":[{"href":"https:\/\/inemjose.edu.co\/colegio\/newsite2021\/wp-json\/wp\/v2\/posts\/12740","targetHints":{"allow":["GET"]}}],"collection":[{"href":"https:\/\/inemjose.edu.co\/colegio\/newsite2021\/wp-json\/wp\/v2\/posts"}],"about":[{"href":"https:\/\/inemjose.edu.co\/colegio\/newsite2021\/wp-json\/wp\/v2\/types\/post"}],"author":[{"embeddable":true,"href":"https:\/\/inemjose.edu.co\/colegio\/newsite2021\/wp-json\/wp\/v2\/users\/516"}],"replies":[{"embeddable":true,"href":"https:\/\/inemjose.edu.co\/colegio\/newsite2021\/wp-json\/wp\/v2\/comments?post=12740"}],"version-history":[{"count":3,"href":"https:\/\/inemjose.edu.co\/colegio\/newsite2021\/wp-json\/wp\/v2\/posts\/12740\/revisions"}],"predecessor-version":[{"id":12758,"href":"https:\/\/inemjose.edu.co\/colegio\/newsite2021\/wp-json\/wp\/v2\/posts\/12740\/revisions\/12758"}],"wp:attachment":[{"href":"https:\/\/inemjose.edu.co\/colegio\/newsite2021\/wp-json\/wp\/v2\/media?parent=12740"}],"wp:term":[{"taxonomy":"category","embeddable":true,"href":"https:\/\/inemjose.edu.co\/colegio\/newsite2021\/wp-json\/wp\/v2\/categories?post=12740"},{"taxonomy":"post_tag","embeddable":true,"href":"https:\/\/inemjose.edu.co\/colegio\/newsite2021\/wp-json\/wp\/v2\/tags?post=12740"}],"curies":[{"name":"wp","href":"https:\/\/api.w.org\/{rel}","templated":true}]}}