{"id":13080,"date":"2022-09-15T14:02:12","date_gmt":"2022-09-15T19:02:12","guid":{"rendered":"https:\/\/inemjose.edu.co\/colegio\/newsite2021\/?p=13080"},"modified":"2022-09-15T14:17:02","modified_gmt":"2022-09-15T19:17:02","slug":"inemita-graduado-en-taekwondo","status":"publish","type":"post","link":"https:\/\/inemjose.edu.co\/colegio\/newsite2021\/2022\/09\/15\/inemita-graduado-en-taekwondo\/","title":{"rendered":"Inemita graduado en Taekwondo"},"content":{"rendered":"<p><img fetchpriority=\"high\" decoding=\"async\" class=\"size-medium wp-image-13082 alignleft\" src=\"https:\/\/inemjose.edu.co\/colegio\/newsite2021\/wp-content\/uploads\/2022\/09\/3-1-300x212.jpeg\" alt=\"\" width=\"300\" height=\"212\" \/><\/p>\n<h1 align=\"justify\">ORGULLOSAMENTE INEMITA<\/h1>\n<p align=\"justify\">Felicitamos a nuestros j\u00f3venes Inemitas <strong>Jerem\u00edas Alejandro Arrubla Diaz y Ezequiel Alejandro Arrubla Diaz<\/strong> por quedar campeones en los juegos indercolegiados 2022 en Apartad\u00f3, y a Anderson Garc\u00eda por ganar la medalla de oro en el torneo open internacional feria de flores de taekwondo. De igual manera agradecemos y felicitamos al joven Alan Ospina, egresado de la instituci\u00f3n, por obtener los logros como entrenador de Anderson.<\/p>\n<p>&nbsp;<\/p>\n<p>&nbsp;<\/p>\n<p align=\"justify\">\u00a1No se ha encontrado la galer\u00eda!<\/p>\n","protected":false},"excerpt":{"rendered":"<p>ORGULLOSAMENTE INEMITA Felicitamos a nuestros j\u00f3venes Inemitas Jerem\u00edas Alejandro Arrubla Diaz y Ezequiel Alejandro Arrubla Diaz por quedar campeones en los juegos indercolegiados 2022 en Apartad\u00f3, y a Anderson Garc\u00eda por ganar la medalla de oro en el torneo open &hellip; <\/p>\n","protected":false},"author":516,"featured_media":0,"comment_status":"open","ping_status":"open","sticky":false,"template":"","format":"standard","meta":{"_bbp_topic_count":0,"_bbp_reply_count":0,"_bbp_total_topic_count":0,"_bbp_total_reply_count":0,"_bbp_voice_count":0,"_bbp_anonymous_reply_count":0,"_bbp_topic_count_hidden":0,"_bbp_reply_count_hidden":0,"_bbp_forum_subforum_count":0,"_angie_page":false,"pmpro_default_level":"","rs_blank_template":"","rs_page_bg_color":"","slide_template_v7":"","page_builder":"","footnotes":""},"categories":[105],"tags":[108,107,106],"class_list":["post-13080","post","type-post","status-publish","format-standard","hentry","category-educacion-fisica","tag-campeon-2022","tag-orgullo-innemita","tag-taekwondo","pmpro-has-access"],"yoast_head":"<!-- This site is optimized with the Yoast SEO plugin v27.4 - https:\/\/yoast.com\/product\/yoast-seo-wordpress\/ -->\n<title>Inemita graduado en Taekwondo - I.E INEM Jos\u00e9 F\u00e9lix De Restrepo<\/title>\n<meta name=\"robots\" content=\"index, follow, max-snippet:-1, max-image-preview:large, max-video-preview:-1\" \/>\n<link rel=\"canonical\" href=\"https:\/\/inemjose.edu.co\/colegio\/newsite2021\/2022\/09\/15\/inemita-graduado-en-taekwondo\/\" \/>\n<meta property=\"og:locale\" content=\"es_ES\" \/>\n<meta property=\"og:type\" content=\"article\" \/>\n<meta property=\"og:title\" content=\"Inemita graduado en Taekwondo - I.E INEM Jos\u00e9 F\u00e9lix De Restrepo\" \/>\n<meta property=\"og:description\" content=\"ORGULLOSAMENTE INEMITA Felicitamos a nuestros j\u00f3venes Inemitas Jerem\u00edas Alejandro Arrubla Diaz y Ezequiel Alejandro Arrubla Diaz por quedar campeones en los juegos indercolegiados 2022 en Apartad\u00f3, y a Anderson Garc\u00eda por ganar la medalla de oro en el torneo open &hellip;\" \/>\n<meta property=\"og:url\" content=\"https:\/\/inemjose.edu.co\/colegio\/newsite2021\/2022\/09\/15\/inemita-graduado-en-taekwondo\/\" \/>\n<meta property=\"og:site_name\" content=\"I.E INEM Jos\u00e9 F\u00e9lix De Restrepo\" \/>\n<meta property=\"article:publisher\" content=\"https:\/\/www.facebook.com\/inemjoseoficial\/\" \/>\n<meta property=\"article:published_time\" content=\"2022-09-15T19:02:12+00:00\" \/>\n<meta property=\"article:modified_time\" content=\"2022-09-15T19:17:02+00:00\" \/>\n<meta property=\"og:image\" content=\"https:\/\/inemjose.edu.co\/colegio\/newsite2021\/wp-content\/uploads\/2022\/09\/3-1-300x212.jpeg\" \/>\n<meta name=\"author\" content=\"daniel\" \/>\n<meta name=\"twitter:card\" content=\"summary_large_image\" \/>\n<meta name=\"twitter:label1\" content=\"Escrito por\" \/>\n\t<meta name=\"twitter:data1\" content=\"daniel\" \/>\n\t<meta name=\"twitter:label2\" content=\"Tiempo de lectura\" \/>\n\t<meta name=\"twitter:data2\" content=\"1 minuto\" \/>\n<script type=\"application\/ld+json\" class=\"yoast-schema-graph\">{\"@context\":\"https:\\\/\\\/schema.org\",\"@graph\":[{\"@type\":\"Article\",\"@id\":\"https:\\\/\\\/inemjose.edu.co\\\/colegio\\\/newsite2021\\\/2022\\\/09\\\/15\\\/inemita-graduado-en-taekwondo\\\/#article\",\"isPartOf\":{\"@id\":\"https:\\\/\\\/inemjose.edu.co\\\/colegio\\\/newsite2021\\\/2022\\\/09\\\/15\\\/inemita-graduado-en-taekwondo\\\/\"},\"author\":{\"name\":\"daniel\",\"@id\":\"https:\\\/\\\/inemjose.edu.co\\\/colegio\\\/newsite2021\\\/#\\\/schema\\\/person\\\/764a9fb6d1987ec22da0926ddc15db88\"},\"headline\":\"Inemita graduado en Taekwondo\",\"datePublished\":\"2022-09-15T19:02:12+00:00\",\"dateModified\":\"2022-09-15T19:17:02+00:00\",\"mainEntityOfPage\":{\"@id\":\"https:\\\/\\\/inemjose.edu.co\\\/colegio\\\/newsite2021\\\/2022\\\/09\\\/15\\\/inemita-graduado-en-taekwondo\\\/\"},\"wordCount\":79,\"commentCount\":0,\"publisher\":{\"@id\":\"https:\\\/\\\/inemjose.edu.co\\\/colegio\\\/newsite2021\\\/#organization\"},\"image\":{\"@id\":\"https:\\\/\\\/inemjose.edu.co\\\/colegio\\\/newsite2021\\\/2022\\\/09\\\/15\\\/inemita-graduado-en-taekwondo\\\/#primaryimage\"},\"thumbnailUrl\":\"https:\\\/\\\/inemjose.edu.co\\\/colegio\\\/newsite2021\\\/wp-content\\\/uploads\\\/2022\\\/09\\\/3-1-300x212.jpeg\",\"keywords\":[\"campe\u00f3n 2022\",\"orgullo innemita\",\"Taekwondo\"],\"articleSection\":[\"Educaci\u00f3n F\u00edsica\"],\"inLanguage\":\"es-CO\",\"potentialAction\":[{\"@type\":\"CommentAction\",\"name\":\"Comment\",\"target\":[\"https:\\\/\\\/inemjose.edu.co\\\/colegio\\\/newsite2021\\\/2022\\\/09\\\/15\\\/inemita-graduado-en-taekwondo\\\/#respond\"]}]},{\"@type\":\"WebPage\",\"@id\":\"https:\\\/\\\/inemjose.edu.co\\\/colegio\\\/newsite2021\\\/2022\\\/09\\\/15\\\/inemita-graduado-en-taekwondo\\\/\",\"url\":\"https:\\\/\\\/inemjose.edu.co\\\/colegio\\\/newsite2021\\\/2022\\\/09\\\/15\\\/inemita-graduado-en-taekwondo\\\/\",\"name\":\"Inemita graduado en Taekwondo - I.E INEM Jos\u00e9 F\u00e9lix De Restrepo\",\"isPartOf\":{\"@id\":\"https:\\\/\\\/inemjose.edu.co\\\/colegio\\\/newsite2021\\\/#website\"},\"primaryImageOfPage\":{\"@id\":\"https:\\\/\\\/inemjose.edu.co\\\/colegio\\\/newsite2021\\\/2022\\\/09\\\/15\\\/inemita-graduado-en-taekwondo\\\/#primaryimage\"},\"image\":{\"@id\":\"https:\\\/\\\/inemjose.edu.co\\\/colegio\\\/newsite2021\\\/2022\\\/09\\\/15\\\/inemita-graduado-en-taekwondo\\\/#primaryimage\"},\"thumbnailUrl\":\"https:\\\/\\\/inemjose.edu.co\\\/colegio\\\/newsite2021\\\/wp-content\\\/uploads\\\/2022\\\/09\\\/3-1-300x212.jpeg\",\"datePublished\":\"2022-09-15T19:02:12+00:00\",\"dateModified\":\"2022-09-15T19:17:02+00:00\",\"breadcrumb\":{\"@id\":\"https:\\\/\\\/inemjose.edu.co\\\/colegio\\\/newsite2021\\\/2022\\\/09\\\/15\\\/inemita-graduado-en-taekwondo\\\/#breadcrumb\"},\"inLanguage\":\"es-CO\",\"potentialAction\":[{\"@type\":\"ReadAction\",\"target\":[\"https:\\\/\\\/inemjose.edu.co\\\/colegio\\\/newsite2021\\\/2022\\\/09\\\/15\\\/inemita-graduado-en-taekwondo\\\/\"]}]},{\"@type\":\"ImageObject\",\"inLanguage\":\"es-CO\",\"@id\":\"https:\\\/\\\/inemjose.edu.co\\\/colegio\\\/newsite2021\\\/2022\\\/09\\\/15\\\/inemita-graduado-en-taekwondo\\\/#primaryimage\",\"url\":\"\",\"contentUrl\":\"\"},{\"@type\":\"BreadcrumbList\",\"@id\":\"https:\\\/\\\/inemjose.edu.co\\\/colegio\\\/newsite2021\\\/2022\\\/09\\\/15\\\/inemita-graduado-en-taekwondo\\\/#breadcrumb\",\"itemListElement\":[{\"@type\":\"ListItem\",\"position\":1,\"name\":\"Inicio\",\"item\":\"https:\\\/\\\/inemjose.edu.co\\\/colegio\\\/newsite2021\\\/\"},{\"@type\":\"ListItem\",\"position\":2,\"name\":\"Inemita graduado en Taekwondo\"}]},{\"@type\":\"WebSite\",\"@id\":\"https:\\\/\\\/inemjose.edu.co\\\/colegio\\\/newsite2021\\\/#website\",\"url\":\"https:\\\/\\\/inemjose.edu.co\\\/colegio\\\/newsite2021\\\/\",\"name\":\"I.E INEM Jos\u00e9 F\u00e9lix De Restrepo\",\"description\":\"I.E INEM Jos\u00e9 F\u00e9lix De Restrepo\",\"publisher\":{\"@id\":\"https:\\\/\\\/inemjose.edu.co\\\/colegio\\\/newsite2021\\\/#organization\"},\"potentialAction\":[{\"@type\":\"SearchAction\",\"target\":{\"@type\":\"EntryPoint\",\"urlTemplate\":\"https:\\\/\\\/inemjose.edu.co\\\/colegio\\\/newsite2021\\\/?s={search_term_string}\"},\"query-input\":{\"@type\":\"PropertyValueSpecification\",\"valueRequired\":true,\"valueName\":\"search_term_string\"}}],\"inLanguage\":\"es-CO\"},{\"@type\":\"Organization\",\"@id\":\"https:\\\/\\\/inemjose.edu.co\\\/colegio\\\/newsite2021\\\/#organization\",\"name\":\"INEM MEDELLIN\",\"url\":\"https:\\\/\\\/inemjose.edu.co\\\/colegio\\\/newsite2021\\\/\",\"logo\":{\"@type\":\"ImageObject\",\"inLanguage\":\"es-CO\",\"@id\":\"https:\\\/\\\/inemjose.edu.co\\\/colegio\\\/newsite2021\\\/#\\\/schema\\\/logo\\\/image\\\/\",\"url\":\"https:\\\/\\\/inemjose.edu.co\\\/colegio\\\/newsite2021\\\/wp-content\\\/uploads\\\/2022\\\/03\\\/escudoaltaresolucion.png\",\"contentUrl\":\"https:\\\/\\\/inemjose.edu.co\\\/colegio\\\/newsite2021\\\/wp-content\\\/uploads\\\/2022\\\/03\\\/escudoaltaresolucion.png\",\"width\":410,\"height\":550,\"caption\":\"INEM MEDELLIN\"},\"image\":{\"@id\":\"https:\\\/\\\/inemjose.edu.co\\\/colegio\\\/newsite2021\\\/#\\\/schema\\\/logo\\\/image\\\/\"},\"sameAs\":[\"https:\\\/\\\/www.facebook.com\\\/inemjoseoficial\\\/\",\"https:\\\/\\\/www.instagram.com\\\/inem_medellin\\\/\",\"https:\\\/\\\/www.youtube.com\\\/user\\\/inemtelevision\\\/featured\"]},{\"@type\":\"Person\",\"@id\":\"https:\\\/\\\/inemjose.edu.co\\\/colegio\\\/newsite2021\\\/#\\\/schema\\\/person\\\/764a9fb6d1987ec22da0926ddc15db88\",\"name\":\"daniel\",\"image\":{\"@type\":\"ImageObject\",\"inLanguage\":\"es-CO\",\"@id\":\"\\\/\\\/www.gravatar.com\\\/avatar\\\/501e5d0618bb83bc8ba0e973b90a7e66?s=96&#038;r=g&#038;d=mm\",\"url\":\"\\\/\\\/www.gravatar.com\\\/avatar\\\/501e5d0618bb83bc8ba0e973b90a7e66?s=96&#038;r=g&#038;d=mm\",\"contentUrl\":\"\\\/\\\/www.gravatar.com\\\/avatar\\\/501e5d0618bb83bc8ba0e973b90a7e66?s=96&#038;r=g&#038;d=mm\",\"caption\":\"daniel\"},\"url\":\"https:\\\/\\\/inemjose.edu.co\\\/colegio\\\/newsite2021\\\/author\\\/contratista\\\/\"}]}<\/script>\n<!-- \/ Yoast SEO plugin. -->","yoast_head_json":{"title":"Inemita graduado en Taekwondo - I.E INEM Jos\u00e9 F\u00e9lix De Restrepo","robots":{"index":"index","follow":"follow","max-snippet":"max-snippet:-1","max-image-preview":"max-image-preview:large","max-video-preview":"max-video-preview:-1"},"canonical":"https:\/\/inemjose.edu.co\/colegio\/newsite2021\/2022\/09\/15\/inemita-graduado-en-taekwondo\/","og_locale":"es_ES","og_type":"article","og_title":"Inemita graduado en Taekwondo - I.E INEM Jos\u00e9 F\u00e9lix De Restrepo","og_description":"ORGULLOSAMENTE INEMITA Felicitamos a nuestros j\u00f3venes Inemitas Jerem\u00edas Alejandro Arrubla Diaz y Ezequiel Alejandro Arrubla Diaz por quedar campeones en los juegos indercolegiados 2022 en Apartad\u00f3, y a Anderson Garc\u00eda por ganar la medalla de oro en el torneo open &hellip;","og_url":"https:\/\/inemjose.edu.co\/colegio\/newsite2021\/2022\/09\/15\/inemita-graduado-en-taekwondo\/","og_site_name":"I.E INEM Jos\u00e9 F\u00e9lix De Restrepo","article_publisher":"https:\/\/www.facebook.com\/inemjoseoficial\/","article_published_time":"2022-09-15T19:02:12+00:00","article_modified_time":"2022-09-15T19:17:02+00:00","og_image":[{"url":"https:\/\/inemjose.edu.co\/colegio\/newsite2021\/wp-content\/uploads\/2022\/09\/3-1-300x212.jpeg","type":"","width":"","height":""}],"author":"daniel","twitter_card":"summary_large_image","twitter_misc":{"Escrito por":"daniel","Tiempo de lectura":"1 minuto"},"schema":{"@context":"https:\/\/schema.org","@graph":[{"@type":"Article","@id":"https:\/\/inemjose.edu.co\/colegio\/newsite2021\/2022\/09\/15\/inemita-graduado-en-taekwondo\/#article","isPartOf":{"@id":"https:\/\/inemjose.edu.co\/colegio\/newsite2021\/2022\/09\/15\/inemita-graduado-en-taekwondo\/"},"author":{"name":"daniel","@id":"https:\/\/inemjose.edu.co\/colegio\/newsite2021\/#\/schema\/person\/764a9fb6d1987ec22da0926ddc15db88"},"headline":"Inemita graduado en Taekwondo","datePublished":"2022-09-15T19:02:12+00:00","dateModified":"2022-09-15T19:17:02+00:00","mainEntityOfPage":{"@id":"https:\/\/inemjose.edu.co\/colegio\/newsite2021\/2022\/09\/15\/inemita-graduado-en-taekwondo\/"},"wordCount":79,"commentCount":0,"publisher":{"@id":"https:\/\/inemjose.edu.co\/colegio\/newsite2021\/#organization"},"image":{"@id":"https:\/\/inemjose.edu.co\/colegio\/newsite2021\/2022\/09\/15\/inemita-graduado-en-taekwondo\/#primaryimage"},"thumbnailUrl":"https:\/\/inemjose.edu.co\/colegio\/newsite2021\/wp-content\/uploads\/2022\/09\/3-1-300x212.jpeg","keywords":["campe\u00f3n 2022","orgullo innemita","Taekwondo"],"articleSection":["Educaci\u00f3n F\u00edsica"],"inLanguage":"es-CO","potentialAction":[{"@type":"CommentAction","name":"Comment","target":["https:\/\/inemjose.edu.co\/colegio\/newsite2021\/2022\/09\/15\/inemita-graduado-en-taekwondo\/#respond"]}]},{"@type":"WebPage","@id":"https:\/\/inemjose.edu.co\/colegio\/newsite2021\/2022\/09\/15\/inemita-graduado-en-taekwondo\/","url":"https:\/\/inemjose.edu.co\/colegio\/newsite2021\/2022\/09\/15\/inemita-graduado-en-taekwondo\/","name":"Inemita graduado en Taekwondo - I.E INEM Jos\u00e9 F\u00e9lix De Restrepo","isPartOf":{"@id":"https:\/\/inemjose.edu.co\/colegio\/newsite2021\/#website"},"primaryImageOfPage":{"@id":"https:\/\/inemjose.edu.co\/colegio\/newsite2021\/2022\/09\/15\/inemita-graduado-en-taekwondo\/#primaryimage"},"image":{"@id":"https:\/\/inemjose.edu.co\/colegio\/newsite2021\/2022\/09\/15\/inemita-graduado-en-taekwondo\/#primaryimage"},"thumbnailUrl":"https:\/\/inemjose.edu.co\/colegio\/newsite2021\/wp-content\/uploads\/2022\/09\/3-1-300x212.jpeg","datePublished":"2022-09-15T19:02:12+00:00","dateModified":"2022-09-15T19:17:02+00:00","breadcrumb":{"@id":"https:\/\/inemjose.edu.co\/colegio\/newsite2021\/2022\/09\/15\/inemita-graduado-en-taekwondo\/#breadcrumb"},"inLanguage":"es-CO","potentialAction":[{"@type":"ReadAction","target":["https:\/\/inemjose.edu.co\/colegio\/newsite2021\/2022\/09\/15\/inemita-graduado-en-taekwondo\/"]}]},{"@type":"ImageObject","inLanguage":"es-CO","@id":"https:\/\/inemjose.edu.co\/colegio\/newsite2021\/2022\/09\/15\/inemita-graduado-en-taekwondo\/#primaryimage","url":"","contentUrl":""},{"@type":"BreadcrumbList","@id":"https:\/\/inemjose.edu.co\/colegio\/newsite2021\/2022\/09\/15\/inemita-graduado-en-taekwondo\/#breadcrumb","itemListElement":[{"@type":"ListItem","position":1,"name":"Inicio","item":"https:\/\/inemjose.edu.co\/colegio\/newsite2021\/"},{"@type":"ListItem","position":2,"name":"Inemita graduado en Taekwondo"}]},{"@type":"WebSite","@id":"https:\/\/inemjose.edu.co\/colegio\/newsite2021\/#website","url":"https:\/\/inemjose.edu.co\/colegio\/newsite2021\/","name":"I.E INEM Jos\u00e9 F\u00e9lix De Restrepo","description":"I.E INEM Jos\u00e9 F\u00e9lix De Restrepo","publisher":{"@id":"https:\/\/inemjose.edu.co\/colegio\/newsite2021\/#organization"},"potentialAction":[{"@type":"SearchAction","target":{"@type":"EntryPoint","urlTemplate":"https:\/\/inemjose.edu.co\/colegio\/newsite2021\/?s={search_term_string}"},"query-input":{"@type":"PropertyValueSpecification","valueRequired":true,"valueName":"search_term_string"}}],"inLanguage":"es-CO"},{"@type":"Organization","@id":"https:\/\/inemjose.edu.co\/colegio\/newsite2021\/#organization","name":"INEM MEDELLIN","url":"https:\/\/inemjose.edu.co\/colegio\/newsite2021\/","logo":{"@type":"ImageObject","inLanguage":"es-CO","@id":"https:\/\/inemjose.edu.co\/colegio\/newsite2021\/#\/schema\/logo\/image\/","url":"https:\/\/inemjose.edu.co\/colegio\/newsite2021\/wp-content\/uploads\/2022\/03\/escudoaltaresolucion.png","contentUrl":"https:\/\/inemjose.edu.co\/colegio\/newsite2021\/wp-content\/uploads\/2022\/03\/escudoaltaresolucion.png","width":410,"height":550,"caption":"INEM MEDELLIN"},"image":{"@id":"https:\/\/inemjose.edu.co\/colegio\/newsite2021\/#\/schema\/logo\/image\/"},"sameAs":["https:\/\/www.facebook.com\/inemjoseoficial\/","https:\/\/www.instagram.com\/inem_medellin\/","https:\/\/www.youtube.com\/user\/inemtelevision\/featured"]},{"@type":"Person","@id":"https:\/\/inemjose.edu.co\/colegio\/newsite2021\/#\/schema\/person\/764a9fb6d1987ec22da0926ddc15db88","name":"daniel","image":{"@type":"ImageObject","inLanguage":"es-CO","@id":"\/\/www.gravatar.com\/avatar\/501e5d0618bb83bc8ba0e973b90a7e66?s=96&#038;r=g&#038;d=mm","url":"\/\/www.gravatar.com\/avatar\/501e5d0618bb83bc8ba0e973b90a7e66?s=96&#038;r=g&#038;d=mm","contentUrl":"\/\/www.gravatar.com\/avatar\/501e5d0618bb83bc8ba0e973b90a7e66?s=96&#038;r=g&#038;d=mm","caption":"daniel"},"url":"https:\/\/inemjose.edu.co\/colegio\/newsite2021\/author\/contratista\/"}]}},"_links":{"self":[{"href":"https:\/\/inemjose.edu.co\/colegio\/newsite2021\/wp-json\/wp\/v2\/posts\/13080","targetHints":{"allow":["GET"]}}],"collection":[{"href":"https:\/\/inemjose.edu.co\/colegio\/newsite2021\/wp-json\/wp\/v2\/posts"}],"about":[{"href":"https:\/\/inemjose.edu.co\/colegio\/newsite2021\/wp-json\/wp\/v2\/types\/post"}],"author":[{"embeddable":true,"href":"https:\/\/inemjose.edu.co\/colegio\/newsite2021\/wp-json\/wp\/v2\/users\/516"}],"replies":[{"embeddable":true,"href":"https:\/\/inemjose.edu.co\/colegio\/newsite2021\/wp-json\/wp\/v2\/comments?post=13080"}],"version-history":[{"count":9,"href":"https:\/\/inemjose.edu.co\/colegio\/newsite2021\/wp-json\/wp\/v2\/posts\/13080\/revisions"}],"predecessor-version":[{"id":13095,"href":"https:\/\/inemjose.edu.co\/colegio\/newsite2021\/wp-json\/wp\/v2\/posts\/13080\/revisions\/13095"}],"wp:attachment":[{"href":"https:\/\/inemjose.edu.co\/colegio\/newsite2021\/wp-json\/wp\/v2\/media?parent=13080"}],"wp:term":[{"taxonomy":"category","embeddable":true,"href":"https:\/\/inemjose.edu.co\/colegio\/newsite2021\/wp-json\/wp\/v2\/categories?post=13080"},{"taxonomy":"post_tag","embeddable":true,"href":"https:\/\/inemjose.edu.co\/colegio\/newsite2021\/wp-json\/wp\/v2\/tags?post=13080"}],"curies":[{"name":"wp","href":"https:\/\/api.w.org\/{rel}","templated":true}]}}