{"id":13393,"date":"2022-10-24T07:49:15","date_gmt":"2022-10-24T12:49:15","guid":{"rendered":"https:\/\/inemjose.edu.co\/colegio\/newsite2021\/?p=13393"},"modified":"2023-01-20T11:00:41","modified_gmt":"2023-01-20T16:00:41","slug":"proceso-090-2022-2","status":"publish","type":"post","link":"https:\/\/inemjose.edu.co\/colegio\/newsite2021\/2022\/10\/24\/proceso-090-2022-2\/","title":{"rendered":"PROCESO 090-2022"},"content":{"rendered":"<p>La IE INEM Jos\u00e9 F\u00e9lix de Restrepo est\u00e1 interesado en las ofertas de car\u00e1cter personal o jur\u00eddica para contra<a name=\"_Hlk112326781\"><\/a><\/p>\n<p><strong>\u201cDotaci\u00f3n sistema de sonido, complementos, partes y accesorios para el Coliseo Bernardo Casta\u00f1o.\u201d<\/strong><\/p>\n<table>\n<tbody>\n<tr>\n<td><strong>ID PROCESO 090-2022<\/strong><\/td>\n<td>090<\/td>\n<td>Adendas:<\/td>\n<\/tr>\n<tr>\n<td>Cuant\u00eda<\/td>\n<td><\/td>\n<td><\/td>\n<\/tr>\n<tr>\n<td>APERTURA<\/td>\n<td>24\/10\/2022<\/td>\n<td><\/td>\n<\/tr>\n<tr>\n<td>CIERRE<\/td>\n<td>25\/10\/2022 Hasta las 5:00 p.m.<\/td>\n<td><\/td>\n<\/tr>\n<tr>\n<td>Adjetivos<\/td>\n<td>MACROB S.A.S<\/td>\n<td><\/td>\n<\/tr>\n<tr>\n<td>Estado<\/td>\n<td>ADJUDICADO<\/td>\n<td><\/td>\n<\/tr>\n<\/tbody>\n<\/table>\n<p>&nbsp;<\/p>\n<!-- WP Attachments -->\r\n        <div style=\"width:100%;margin:10px 0 10px 0;\">\r\n            <h3>Adjuntos<\/h3>\r\n        <ul class=\"post-attachments\"><li class=\"post-attachment mime-application-pdf\"><a href=\"https:\/\/inemjose.edu.co\/colegio\/newsite2021\/wp-content\/uploads\/2022\/10\/Contrato-MC-090DotacionCabinaSonidoComplementosyAccesoriosColis.pdf\">Contrato MC-090DotacionCabinaSonidoComplementosyAccesoriosColis<\/a> <small>(3 MB)<\/small><\/li><li class=\"post-attachment mime-application-pdf\"><a href=\"https:\/\/inemjose.edu.co\/colegio\/newsite2021\/wp-content\/uploads\/2022\/10\/ActaLiquidacion-090DotacionCabinaSonidoColiseo.pdf\">ActaLiquidacion 090DotacionCabinaSonidoColiseo<\/a> <small>(171 kB)<\/small><\/li><li class=\"post-attachment mime-application-pdf\"><a href=\"https:\/\/inemjose.edu.co\/colegio\/newsite2021\/wp-content\/uploads\/2022\/10\/Recibido-a-satisfaccion-090.pdf\">Recibido a satisfaccion 090<\/a> <small>(358 kB)<\/small><\/li><li class=\"post-attachment mime-application-pdf\"><a href=\"https:\/\/inemjose.edu.co\/colegio\/newsite2021\/wp-content\/uploads\/2022\/10\/AvisoConvocatoria-090-1.pdf\">AvisoConvocatoria 090<\/a> <small>(318 kB)<\/small><\/li><li class=\"post-attachment mime-application-pdf\"><a href=\"https:\/\/inemjose.edu.co\/colegio\/newsite2021\/wp-content\/uploads\/2022\/10\/estudios-previos-MC-090DotacionCabinaSonidoComplementosyAccesoriosColiseo-1.pdf\">estudios previos MC-090DotacionCabinaSonidoComplementosyAccesoriosColiseo<\/a> <small>(459 kB)<\/small><\/li><li class=\"post-attachment mime-application-pdf\"><a href=\"https:\/\/inemjose.edu.co\/colegio\/newsite2021\/wp-content\/uploads\/2022\/10\/Invitacion-MC-090DotacionCabinaSonidoComplementosyAccesoriosColiseo-1.pdf\">Invitacion-MC-090DotacionCabinaSonidoComplementosyAccesoriosColiseo<\/a> <small>(258 kB)<\/small><\/li><li class=\"post-attachment mime-application-pdf\"><a href=\"https:\/\/inemjose.edu.co\/colegio\/newsite2021\/wp-content\/uploads\/2022\/10\/AceptacionOferta090DotacionSonidoComplementosyAccesoriosColiseo.pdf\">AceptacionOferta090DotacionSonidoComplementosyAccesoriosColiseo<\/a> <small>(150 kB)<\/small><\/li><li class=\"post-attachment mime-application-pdf\"><a href=\"https:\/\/inemjose.edu.co\/colegio\/newsite2021\/wp-content\/uploads\/2022\/10\/ActaCierre090DotacionCabinaSonidoComplementosyAccesoriosColiseo.pdf\">ActaCierre090DotacionCabinaSonidoComplementosyAccesoriosColiseo<\/a> <small>(483 kB)<\/small><\/li><li class=\"post-attachment mime-application-pdf\"><a href=\"https:\/\/inemjose.edu.co\/colegio\/newsite2021\/wp-content\/uploads\/2022\/10\/ActaEvaluacion090DotacionCabinaSonidoComplementos-y-Accesorios.pdf\">ActaEvaluacion090DotacionCabinaSonidoComplementos y Accesorios<\/a> <small>(523 kB)<\/small><\/li><li class=\"post-attachment mime-application-pdf\"><a href=\"https:\/\/inemjose.edu.co\/colegio\/newsite2021\/wp-content\/uploads\/2022\/10\/Adjudicacion-MC-090DotacionCabinaSonidoComplementosyAccesoriosColiseo.pdf\">Adjudicacion MC-090DotacionCabinaSonidoComplementosyAccesoriosColiseo<\/a> <small>(176 kB)<\/small><\/li><\/ul><\/div>","protected":false},"excerpt":{"rendered":"<p>La IE INEM Jos\u00e9 F\u00e9lix de Restrepo est\u00e1 interesado en las ofertas de car\u00e1cter personal o jur\u00eddica para contra \u201cDotaci\u00f3n sistema de sonido, complementos, partes y accesorios para el Coliseo Bernardo Casta\u00f1o.\u201d ID PROCESO 090-2022 090 Adendas: Cuant\u00eda APERTURA 24\/10\/2022 &hellip; <\/p>\n","protected":false},"author":2,"featured_media":0,"comment_status":"open","ping_status":"open","sticky":false,"template":"","format":"standard","meta":{"_bbp_topic_count":0,"_bbp_reply_count":0,"_bbp_total_topic_count":0,"_bbp_total_reply_count":0,"_bbp_voice_count":0,"_bbp_anonymous_reply_count":0,"_bbp_topic_count_hidden":0,"_bbp_reply_count_hidden":0,"_bbp_forum_subforum_count":0,"_angie_page":false,"pmpro_default_level":"","rs_blank_template":"","rs_page_bg_color":"","slide_template_v7":"","page_builder":"","footnotes":""},"categories":[90],"tags":[],"class_list":["post-13393","post","type-post","status-publish","format-standard","hentry","category-contratacion","pmpro-has-access"],"yoast_head":"<!-- This site is optimized with the Yoast SEO plugin v27.4 - https:\/\/yoast.com\/product\/yoast-seo-wordpress\/ -->\n<title>PROCESO 090-2022 - I.E INEM Jos\u00e9 F\u00e9lix De Restrepo<\/title>\n<meta name=\"robots\" content=\"index, follow, max-snippet:-1, max-image-preview:large, max-video-preview:-1\" \/>\n<link rel=\"canonical\" href=\"https:\/\/inemjose.edu.co\/colegio\/newsite2021\/2022\/10\/24\/proceso-090-2022-2\/\" \/>\n<meta property=\"og:locale\" content=\"es_ES\" \/>\n<meta property=\"og:type\" content=\"article\" \/>\n<meta property=\"og:title\" content=\"PROCESO 090-2022 - I.E INEM Jos\u00e9 F\u00e9lix De Restrepo\" \/>\n<meta property=\"og:description\" content=\"La IE INEM Jos\u00e9 F\u00e9lix de Restrepo est\u00e1 interesado en las ofertas de car\u00e1cter personal o jur\u00eddica para contra \u201cDotaci\u00f3n sistema de sonido, complementos, partes y accesorios para el Coliseo Bernardo Casta\u00f1o.\u201d ID PROCESO 090-2022 090 Adendas: Cuant\u00eda APERTURA 24\/10\/2022 &hellip;\" \/>\n<meta property=\"og:url\" content=\"https:\/\/inemjose.edu.co\/colegio\/newsite2021\/2022\/10\/24\/proceso-090-2022-2\/\" \/>\n<meta property=\"og:site_name\" content=\"I.E INEM Jos\u00e9 F\u00e9lix De Restrepo\" \/>\n<meta property=\"article:publisher\" content=\"https:\/\/www.facebook.com\/inemjoseoficial\/\" \/>\n<meta property=\"article:published_time\" content=\"2022-10-24T12:49:15+00:00\" \/>\n<meta property=\"article:modified_time\" content=\"2023-01-20T16:00:41+00:00\" \/>\n<meta name=\"author\" content=\"Diana Patricia Mesa Pimienta\" \/>\n<meta name=\"twitter:card\" content=\"summary_large_image\" \/>\n<meta name=\"twitter:label1\" content=\"Escrito por\" \/>\n\t<meta name=\"twitter:data1\" content=\"Diana Patricia Mesa Pimienta\" \/>\n\t<meta name=\"twitter:label2\" content=\"Tiempo de lectura\" \/>\n\t<meta name=\"twitter:data2\" content=\"1 minuto\" \/>\n<script type=\"application\/ld+json\" class=\"yoast-schema-graph\">{\"@context\":\"https:\\\/\\\/schema.org\",\"@graph\":[{\"@type\":\"Article\",\"@id\":\"https:\\\/\\\/inemjose.edu.co\\\/colegio\\\/newsite2021\\\/2022\\\/10\\\/24\\\/proceso-090-2022-2\\\/#article\",\"isPartOf\":{\"@id\":\"https:\\\/\\\/inemjose.edu.co\\\/colegio\\\/newsite2021\\\/2022\\\/10\\\/24\\\/proceso-090-2022-2\\\/\"},\"author\":{\"name\":\"Diana Patricia Mesa Pimienta\",\"@id\":\"https:\\\/\\\/inemjose.edu.co\\\/colegio\\\/newsite2021\\\/#\\\/schema\\\/person\\\/cb1a4a04b05690f861aeb8fd00474bcf\"},\"headline\":\"PROCESO 090-2022\",\"datePublished\":\"2022-10-24T12:49:15+00:00\",\"dateModified\":\"2023-01-20T16:00:41+00:00\",\"mainEntityOfPage\":{\"@id\":\"https:\\\/\\\/inemjose.edu.co\\\/colegio\\\/newsite2021\\\/2022\\\/10\\\/24\\\/proceso-090-2022-2\\\/\"},\"wordCount\":59,\"commentCount\":0,\"publisher\":{\"@id\":\"https:\\\/\\\/inemjose.edu.co\\\/colegio\\\/newsite2021\\\/#organization\"},\"articleSection\":[\"Contrataci\u00f3n\"],\"inLanguage\":\"es-CO\",\"potentialAction\":[{\"@type\":\"CommentAction\",\"name\":\"Comment\",\"target\":[\"https:\\\/\\\/inemjose.edu.co\\\/colegio\\\/newsite2021\\\/2022\\\/10\\\/24\\\/proceso-090-2022-2\\\/#respond\"]}]},{\"@type\":\"WebPage\",\"@id\":\"https:\\\/\\\/inemjose.edu.co\\\/colegio\\\/newsite2021\\\/2022\\\/10\\\/24\\\/proceso-090-2022-2\\\/\",\"url\":\"https:\\\/\\\/inemjose.edu.co\\\/colegio\\\/newsite2021\\\/2022\\\/10\\\/24\\\/proceso-090-2022-2\\\/\",\"name\":\"PROCESO 090-2022 - I.E INEM Jos\u00e9 F\u00e9lix De Restrepo\",\"isPartOf\":{\"@id\":\"https:\\\/\\\/inemjose.edu.co\\\/colegio\\\/newsite2021\\\/#website\"},\"datePublished\":\"2022-10-24T12:49:15+00:00\",\"dateModified\":\"2023-01-20T16:00:41+00:00\",\"breadcrumb\":{\"@id\":\"https:\\\/\\\/inemjose.edu.co\\\/colegio\\\/newsite2021\\\/2022\\\/10\\\/24\\\/proceso-090-2022-2\\\/#breadcrumb\"},\"inLanguage\":\"es-CO\",\"potentialAction\":[{\"@type\":\"ReadAction\",\"target\":[\"https:\\\/\\\/inemjose.edu.co\\\/colegio\\\/newsite2021\\\/2022\\\/10\\\/24\\\/proceso-090-2022-2\\\/\"]}]},{\"@type\":\"BreadcrumbList\",\"@id\":\"https:\\\/\\\/inemjose.edu.co\\\/colegio\\\/newsite2021\\\/2022\\\/10\\\/24\\\/proceso-090-2022-2\\\/#breadcrumb\",\"itemListElement\":[{\"@type\":\"ListItem\",\"position\":1,\"name\":\"Inicio\",\"item\":\"https:\\\/\\\/inemjose.edu.co\\\/colegio\\\/newsite2021\\\/\"},{\"@type\":\"ListItem\",\"position\":2,\"name\":\"PROCESO 090-2022\"}]},{\"@type\":\"WebSite\",\"@id\":\"https:\\\/\\\/inemjose.edu.co\\\/colegio\\\/newsite2021\\\/#website\",\"url\":\"https:\\\/\\\/inemjose.edu.co\\\/colegio\\\/newsite2021\\\/\",\"name\":\"I.E INEM Jos\u00e9 F\u00e9lix De Restrepo\",\"description\":\"I.E INEM Jos\u00e9 F\u00e9lix De Restrepo\",\"publisher\":{\"@id\":\"https:\\\/\\\/inemjose.edu.co\\\/colegio\\\/newsite2021\\\/#organization\"},\"potentialAction\":[{\"@type\":\"SearchAction\",\"target\":{\"@type\":\"EntryPoint\",\"urlTemplate\":\"https:\\\/\\\/inemjose.edu.co\\\/colegio\\\/newsite2021\\\/?s={search_term_string}\"},\"query-input\":{\"@type\":\"PropertyValueSpecification\",\"valueRequired\":true,\"valueName\":\"search_term_string\"}}],\"inLanguage\":\"es-CO\"},{\"@type\":\"Organization\",\"@id\":\"https:\\\/\\\/inemjose.edu.co\\\/colegio\\\/newsite2021\\\/#organization\",\"name\":\"INEM MEDELLIN\",\"url\":\"https:\\\/\\\/inemjose.edu.co\\\/colegio\\\/newsite2021\\\/\",\"logo\":{\"@type\":\"ImageObject\",\"inLanguage\":\"es-CO\",\"@id\":\"https:\\\/\\\/inemjose.edu.co\\\/colegio\\\/newsite2021\\\/#\\\/schema\\\/logo\\\/image\\\/\",\"url\":\"https:\\\/\\\/inemjose.edu.co\\\/colegio\\\/newsite2021\\\/wp-content\\\/uploads\\\/2022\\\/03\\\/escudoaltaresolucion.png\",\"contentUrl\":\"https:\\\/\\\/inemjose.edu.co\\\/colegio\\\/newsite2021\\\/wp-content\\\/uploads\\\/2022\\\/03\\\/escudoaltaresolucion.png\",\"width\":410,\"height\":550,\"caption\":\"INEM MEDELLIN\"},\"image\":{\"@id\":\"https:\\\/\\\/inemjose.edu.co\\\/colegio\\\/newsite2021\\\/#\\\/schema\\\/logo\\\/image\\\/\"},\"sameAs\":[\"https:\\\/\\\/www.facebook.com\\\/inemjoseoficial\\\/\",\"https:\\\/\\\/www.instagram.com\\\/inem_medellin\\\/\",\"https:\\\/\\\/www.youtube.com\\\/user\\\/inemtelevision\\\/featured\"]},{\"@type\":\"Person\",\"@id\":\"https:\\\/\\\/inemjose.edu.co\\\/colegio\\\/newsite2021\\\/#\\\/schema\\\/person\\\/cb1a4a04b05690f861aeb8fd00474bcf\",\"name\":\"Diana Patricia Mesa Pimienta\",\"image\":{\"@type\":\"ImageObject\",\"inLanguage\":\"es-CO\",\"@id\":\"\\\/\\\/www.gravatar.com\\\/avatar\\\/afbfad940a6f3a26565e38fac3791962?s=96&#038;r=g&#038;d=mm\",\"url\":\"\\\/\\\/www.gravatar.com\\\/avatar\\\/afbfad940a6f3a26565e38fac3791962?s=96&#038;r=g&#038;d=mm\",\"contentUrl\":\"\\\/\\\/www.gravatar.com\\\/avatar\\\/afbfad940a6f3a26565e38fac3791962?s=96&#038;r=g&#038;d=mm\",\"caption\":\"Diana Patricia Mesa Pimienta\"},\"sameAs\":[\"http:\\\/\\\/www.inemjose.edu.co\"],\"url\":\"https:\\\/\\\/inemjose.edu.co\\\/colegio\\\/newsite2021\\\/author\\\/dianamesap\\\/\"}]}<\/script>\n<!-- \/ Yoast SEO plugin. -->","yoast_head_json":{"title":"PROCESO 090-2022 - I.E INEM Jos\u00e9 F\u00e9lix De Restrepo","robots":{"index":"index","follow":"follow","max-snippet":"max-snippet:-1","max-image-preview":"max-image-preview:large","max-video-preview":"max-video-preview:-1"},"canonical":"https:\/\/inemjose.edu.co\/colegio\/newsite2021\/2022\/10\/24\/proceso-090-2022-2\/","og_locale":"es_ES","og_type":"article","og_title":"PROCESO 090-2022 - I.E INEM Jos\u00e9 F\u00e9lix De Restrepo","og_description":"La IE INEM Jos\u00e9 F\u00e9lix de Restrepo est\u00e1 interesado en las ofertas de car\u00e1cter personal o jur\u00eddica para contra \u201cDotaci\u00f3n sistema de sonido, complementos, partes y accesorios para el Coliseo Bernardo Casta\u00f1o.\u201d ID PROCESO 090-2022 090 Adendas: Cuant\u00eda APERTURA 24\/10\/2022 &hellip;","og_url":"https:\/\/inemjose.edu.co\/colegio\/newsite2021\/2022\/10\/24\/proceso-090-2022-2\/","og_site_name":"I.E INEM Jos\u00e9 F\u00e9lix De Restrepo","article_publisher":"https:\/\/www.facebook.com\/inemjoseoficial\/","article_published_time":"2022-10-24T12:49:15+00:00","article_modified_time":"2023-01-20T16:00:41+00:00","author":"Diana Patricia Mesa Pimienta","twitter_card":"summary_large_image","twitter_misc":{"Escrito por":"Diana Patricia Mesa Pimienta","Tiempo de lectura":"1 minuto"},"schema":{"@context":"https:\/\/schema.org","@graph":[{"@type":"Article","@id":"https:\/\/inemjose.edu.co\/colegio\/newsite2021\/2022\/10\/24\/proceso-090-2022-2\/#article","isPartOf":{"@id":"https:\/\/inemjose.edu.co\/colegio\/newsite2021\/2022\/10\/24\/proceso-090-2022-2\/"},"author":{"name":"Diana Patricia Mesa Pimienta","@id":"https:\/\/inemjose.edu.co\/colegio\/newsite2021\/#\/schema\/person\/cb1a4a04b05690f861aeb8fd00474bcf"},"headline":"PROCESO 090-2022","datePublished":"2022-10-24T12:49:15+00:00","dateModified":"2023-01-20T16:00:41+00:00","mainEntityOfPage":{"@id":"https:\/\/inemjose.edu.co\/colegio\/newsite2021\/2022\/10\/24\/proceso-090-2022-2\/"},"wordCount":59,"commentCount":0,"publisher":{"@id":"https:\/\/inemjose.edu.co\/colegio\/newsite2021\/#organization"},"articleSection":["Contrataci\u00f3n"],"inLanguage":"es-CO","potentialAction":[{"@type":"CommentAction","name":"Comment","target":["https:\/\/inemjose.edu.co\/colegio\/newsite2021\/2022\/10\/24\/proceso-090-2022-2\/#respond"]}]},{"@type":"WebPage","@id":"https:\/\/inemjose.edu.co\/colegio\/newsite2021\/2022\/10\/24\/proceso-090-2022-2\/","url":"https:\/\/inemjose.edu.co\/colegio\/newsite2021\/2022\/10\/24\/proceso-090-2022-2\/","name":"PROCESO 090-2022 - I.E INEM Jos\u00e9 F\u00e9lix De Restrepo","isPartOf":{"@id":"https:\/\/inemjose.edu.co\/colegio\/newsite2021\/#website"},"datePublished":"2022-10-24T12:49:15+00:00","dateModified":"2023-01-20T16:00:41+00:00","breadcrumb":{"@id":"https:\/\/inemjose.edu.co\/colegio\/newsite2021\/2022\/10\/24\/proceso-090-2022-2\/#breadcrumb"},"inLanguage":"es-CO","potentialAction":[{"@type":"ReadAction","target":["https:\/\/inemjose.edu.co\/colegio\/newsite2021\/2022\/10\/24\/proceso-090-2022-2\/"]}]},{"@type":"BreadcrumbList","@id":"https:\/\/inemjose.edu.co\/colegio\/newsite2021\/2022\/10\/24\/proceso-090-2022-2\/#breadcrumb","itemListElement":[{"@type":"ListItem","position":1,"name":"Inicio","item":"https:\/\/inemjose.edu.co\/colegio\/newsite2021\/"},{"@type":"ListItem","position":2,"name":"PROCESO 090-2022"}]},{"@type":"WebSite","@id":"https:\/\/inemjose.edu.co\/colegio\/newsite2021\/#website","url":"https:\/\/inemjose.edu.co\/colegio\/newsite2021\/","name":"I.E INEM Jos\u00e9 F\u00e9lix De Restrepo","description":"I.E INEM Jos\u00e9 F\u00e9lix De Restrepo","publisher":{"@id":"https:\/\/inemjose.edu.co\/colegio\/newsite2021\/#organization"},"potentialAction":[{"@type":"SearchAction","target":{"@type":"EntryPoint","urlTemplate":"https:\/\/inemjose.edu.co\/colegio\/newsite2021\/?s={search_term_string}"},"query-input":{"@type":"PropertyValueSpecification","valueRequired":true,"valueName":"search_term_string"}}],"inLanguage":"es-CO"},{"@type":"Organization","@id":"https:\/\/inemjose.edu.co\/colegio\/newsite2021\/#organization","name":"INEM MEDELLIN","url":"https:\/\/inemjose.edu.co\/colegio\/newsite2021\/","logo":{"@type":"ImageObject","inLanguage":"es-CO","@id":"https:\/\/inemjose.edu.co\/colegio\/newsite2021\/#\/schema\/logo\/image\/","url":"https:\/\/inemjose.edu.co\/colegio\/newsite2021\/wp-content\/uploads\/2022\/03\/escudoaltaresolucion.png","contentUrl":"https:\/\/inemjose.edu.co\/colegio\/newsite2021\/wp-content\/uploads\/2022\/03\/escudoaltaresolucion.png","width":410,"height":550,"caption":"INEM MEDELLIN"},"image":{"@id":"https:\/\/inemjose.edu.co\/colegio\/newsite2021\/#\/schema\/logo\/image\/"},"sameAs":["https:\/\/www.facebook.com\/inemjoseoficial\/","https:\/\/www.instagram.com\/inem_medellin\/","https:\/\/www.youtube.com\/user\/inemtelevision\/featured"]},{"@type":"Person","@id":"https:\/\/inemjose.edu.co\/colegio\/newsite2021\/#\/schema\/person\/cb1a4a04b05690f861aeb8fd00474bcf","name":"Diana Patricia Mesa Pimienta","image":{"@type":"ImageObject","inLanguage":"es-CO","@id":"\/\/www.gravatar.com\/avatar\/afbfad940a6f3a26565e38fac3791962?s=96&#038;r=g&#038;d=mm","url":"\/\/www.gravatar.com\/avatar\/afbfad940a6f3a26565e38fac3791962?s=96&#038;r=g&#038;d=mm","contentUrl":"\/\/www.gravatar.com\/avatar\/afbfad940a6f3a26565e38fac3791962?s=96&#038;r=g&#038;d=mm","caption":"Diana Patricia Mesa Pimienta"},"sameAs":["http:\/\/www.inemjose.edu.co"],"url":"https:\/\/inemjose.edu.co\/colegio\/newsite2021\/author\/dianamesap\/"}]}},"_links":{"self":[{"href":"https:\/\/inemjose.edu.co\/colegio\/newsite2021\/wp-json\/wp\/v2\/posts\/13393","targetHints":{"allow":["GET"]}}],"collection":[{"href":"https:\/\/inemjose.edu.co\/colegio\/newsite2021\/wp-json\/wp\/v2\/posts"}],"about":[{"href":"https:\/\/inemjose.edu.co\/colegio\/newsite2021\/wp-json\/wp\/v2\/types\/post"}],"author":[{"embeddable":true,"href":"https:\/\/inemjose.edu.co\/colegio\/newsite2021\/wp-json\/wp\/v2\/users\/2"}],"replies":[{"embeddable":true,"href":"https:\/\/inemjose.edu.co\/colegio\/newsite2021\/wp-json\/wp\/v2\/comments?post=13393"}],"version-history":[{"count":3,"href":"https:\/\/inemjose.edu.co\/colegio\/newsite2021\/wp-json\/wp\/v2\/posts\/13393\/revisions"}],"predecessor-version":[{"id":13499,"href":"https:\/\/inemjose.edu.co\/colegio\/newsite2021\/wp-json\/wp\/v2\/posts\/13393\/revisions\/13499"}],"wp:attachment":[{"href":"https:\/\/inemjose.edu.co\/colegio\/newsite2021\/wp-json\/wp\/v2\/media?parent=13393"}],"wp:term":[{"taxonomy":"category","embeddable":true,"href":"https:\/\/inemjose.edu.co\/colegio\/newsite2021\/wp-json\/wp\/v2\/categories?post=13393"},{"taxonomy":"post_tag","embeddable":true,"href":"https:\/\/inemjose.edu.co\/colegio\/newsite2021\/wp-json\/wp\/v2\/tags?post=13393"}],"curies":[{"name":"wp","href":"https:\/\/api.w.org\/{rel}","templated":true}]}}