{"id":14023,"date":"2023-02-21T13:32:32","date_gmt":"2023-02-21T18:32:32","guid":{"rendered":"https:\/\/inemjose.edu.co\/colegio\/newsite2021\/?p=14023"},"modified":"2023-02-21T13:32:58","modified_gmt":"2023-02-21T18:32:58","slug":"consignas-generales-para-la-prestacion-del-servicio-de-vigilancia-y-seguridad","status":"publish","type":"post","link":"https:\/\/inemjose.edu.co\/colegio\/newsite2021\/2023\/02\/21\/consignas-generales-para-la-prestacion-del-servicio-de-vigilancia-y-seguridad\/","title":{"rendered":"CONSIGNAS GENERALES PARA LA PRESTACI\u00d3N DEL SERVICIO DE VIGILANCIA Y SEGURIDAD"},"content":{"rendered":"<p>CONSIGNAS GENERALES PARA LA PRESTACI\u00d3N DEL SERVICIO DE VIGILANCIA<br \/>\nY SEGURIDAD PRIVADA EN LAS INSTITUCIONES EDUCATIVAS DEL DISTRITO<br \/>\nESPECIAL DE CIENCIAS, T\u00c9CNOLOGIA E INNOVACI\u00d3N DE MEDELL\u00cdN.<\/p>\n<p>&nbsp;<\/p>\n<p style=\"padding-left:10px;\">File Name: CONSIGNAS-ESU-SEPTIEMBRE-2022-CORREGIDAS-1.pdf<\/p><p style=\"padding-left:10px;\"><a class=\"s_pdf_download_link\" href=\"https:\/\/inemjose.edu.co\/colegio\/newsite2021\/wp-content\/uploads\/2023\/02\/CONSIGNAS-ESU-SEPTIEMBRE-2022-CORREGIDAS-1.pdf\" download><button style=\"margin-bottom:10px;background-color:;\" class=\"ppv_download_bttn\">Download File<\/button><\/a><\/p>            <div class=\"ppv_wrapper ppv_container\" style=\"position: relative;width:100%; height:600px;\">\n                <div class=\"ppv-loading\">PDF Loading...<\/div>\n                <iframe id=\"s_pdf_frame\" src=\"\/\/docs.google.com\/gview?embedded=true&#038;url=https:\/\/inemjose.edu.co\/colegio\/newsite2021\/wp-content\/uploads\/2023\/02\/CONSIGNAS-ESU-SEPTIEMBRE-2022-CORREGIDAS-1.pdf\" style=\"float:left; padding:10px;width:100%; height:600px;\" frameborder=\"0\"><\/iframe>\n                            <\/div>\n            \n            \n","protected":false},"excerpt":{"rendered":"<p>CONSIGNAS GENERALES PARA LA PRESTACI\u00d3N DEL SERVICIO DE VIGILANCIA Y SEGURIDAD PRIVADA EN LAS INSTITUCIONES EDUCATIVAS DEL DISTRITO ESPECIAL DE CIENCIAS, T\u00c9CNOLOGIA E INNOVACI\u00d3N DE MEDELL\u00cdN. &nbsp;<\/p>\n","protected":false},"author":3,"featured_media":0,"comment_status":"closed","ping_status":"closed","sticky":false,"template":"","format":"standard","meta":{"_bbp_topic_count":0,"_bbp_reply_count":0,"_bbp_total_topic_count":0,"_bbp_total_reply_count":0,"_bbp_voice_count":0,"_bbp_anonymous_reply_count":0,"_bbp_topic_count_hidden":0,"_bbp_reply_count_hidden":0,"_bbp_forum_subforum_count":0,"_angie_page":false,"pmpro_default_level":"","rs_blank_template":"","rs_page_bg_color":"","slide_template_v7":"","page_builder":"","footnotes":""},"categories":[100],"tags":[],"class_list":["post-14023","post","type-post","status-publish","format-standard","hentry","category-noticias","pmpro-has-access"],"yoast_head":"<!-- This site is optimized with the Yoast SEO plugin v27.4 - https:\/\/yoast.com\/product\/yoast-seo-wordpress\/ -->\n<title>CONSIGNAS GENERALES PARA LA PRESTACI\u00d3N DEL SERVICIO DE VIGILANCIA Y SEGURIDAD - I.E INEM Jos\u00e9 F\u00e9lix De Restrepo<\/title>\n<meta name=\"robots\" content=\"index, follow, max-snippet:-1, max-image-preview:large, max-video-preview:-1\" \/>\n<link rel=\"canonical\" href=\"https:\/\/inemjose.edu.co\/colegio\/newsite2021\/2023\/02\/21\/consignas-generales-para-la-prestacion-del-servicio-de-vigilancia-y-seguridad\/\" \/>\n<meta property=\"og:locale\" content=\"es_ES\" \/>\n<meta property=\"og:type\" content=\"article\" \/>\n<meta property=\"og:title\" content=\"CONSIGNAS GENERALES PARA LA PRESTACI\u00d3N DEL SERVICIO DE VIGILANCIA Y SEGURIDAD - I.E INEM Jos\u00e9 F\u00e9lix De Restrepo\" \/>\n<meta property=\"og:description\" content=\"CONSIGNAS GENERALES PARA LA PRESTACI\u00d3N DEL SERVICIO DE VIGILANCIA Y SEGURIDAD PRIVADA EN LAS INSTITUCIONES EDUCATIVAS DEL DISTRITO ESPECIAL DE CIENCIAS, T\u00c9CNOLOGIA E INNOVACI\u00d3N DE MEDELL\u00cdN. &nbsp;\" \/>\n<meta property=\"og:url\" content=\"https:\/\/inemjose.edu.co\/colegio\/newsite2021\/2023\/02\/21\/consignas-generales-para-la-prestacion-del-servicio-de-vigilancia-y-seguridad\/\" \/>\n<meta property=\"og:site_name\" content=\"I.E INEM Jos\u00e9 F\u00e9lix De Restrepo\" \/>\n<meta property=\"article:publisher\" content=\"https:\/\/www.facebook.com\/inemjoseoficial\/\" \/>\n<meta property=\"article:published_time\" content=\"2023-02-21T18:32:32+00:00\" \/>\n<meta property=\"article:modified_time\" content=\"2023-02-21T18:32:58+00:00\" \/>\n<meta name=\"author\" content=\"inem informatica\" \/>\n<meta name=\"twitter:card\" content=\"summary_large_image\" \/>\n<meta name=\"twitter:label1\" content=\"Escrito por\" \/>\n\t<meta name=\"twitter:data1\" content=\"inem informatica\" \/>\n\t<meta name=\"twitter:label2\" content=\"Tiempo de lectura\" \/>\n\t<meta name=\"twitter:data2\" content=\"1 minuto\" \/>\n<script type=\"application\/ld+json\" class=\"yoast-schema-graph\">{\"@context\":\"https:\\\/\\\/schema.org\",\"@graph\":[{\"@type\":\"Article\",\"@id\":\"https:\\\/\\\/inemjose.edu.co\\\/colegio\\\/newsite2021\\\/2023\\\/02\\\/21\\\/consignas-generales-para-la-prestacion-del-servicio-de-vigilancia-y-seguridad\\\/#article\",\"isPartOf\":{\"@id\":\"https:\\\/\\\/inemjose.edu.co\\\/colegio\\\/newsite2021\\\/2023\\\/02\\\/21\\\/consignas-generales-para-la-prestacion-del-servicio-de-vigilancia-y-seguridad\\\/\"},\"author\":{\"name\":\"inem informatica\",\"@id\":\"https:\\\/\\\/inemjose.edu.co\\\/colegio\\\/newsite2021\\\/#\\\/schema\\\/person\\\/f005941dd3222e1baa3ca4844a8ee577\"},\"headline\":\"CONSIGNAS GENERALES PARA LA PRESTACI\u00d3N DEL SERVICIO DE VIGILANCIA Y SEGURIDAD\",\"datePublished\":\"2023-02-21T18:32:32+00:00\",\"dateModified\":\"2023-02-21T18:32:58+00:00\",\"mainEntityOfPage\":{\"@id\":\"https:\\\/\\\/inemjose.edu.co\\\/colegio\\\/newsite2021\\\/2023\\\/02\\\/21\\\/consignas-generales-para-la-prestacion-del-servicio-de-vigilancia-y-seguridad\\\/\"},\"wordCount\":45,\"publisher\":{\"@id\":\"https:\\\/\\\/inemjose.edu.co\\\/colegio\\\/newsite2021\\\/#organization\"},\"articleSection\":[\"Noticias\"],\"inLanguage\":\"es-CO\"},{\"@type\":\"WebPage\",\"@id\":\"https:\\\/\\\/inemjose.edu.co\\\/colegio\\\/newsite2021\\\/2023\\\/02\\\/21\\\/consignas-generales-para-la-prestacion-del-servicio-de-vigilancia-y-seguridad\\\/\",\"url\":\"https:\\\/\\\/inemjose.edu.co\\\/colegio\\\/newsite2021\\\/2023\\\/02\\\/21\\\/consignas-generales-para-la-prestacion-del-servicio-de-vigilancia-y-seguridad\\\/\",\"name\":\"CONSIGNAS GENERALES PARA LA PRESTACI\u00d3N DEL SERVICIO DE VIGILANCIA Y SEGURIDAD - I.E INEM Jos\u00e9 F\u00e9lix De Restrepo\",\"isPartOf\":{\"@id\":\"https:\\\/\\\/inemjose.edu.co\\\/colegio\\\/newsite2021\\\/#website\"},\"datePublished\":\"2023-02-21T18:32:32+00:00\",\"dateModified\":\"2023-02-21T18:32:58+00:00\",\"breadcrumb\":{\"@id\":\"https:\\\/\\\/inemjose.edu.co\\\/colegio\\\/newsite2021\\\/2023\\\/02\\\/21\\\/consignas-generales-para-la-prestacion-del-servicio-de-vigilancia-y-seguridad\\\/#breadcrumb\"},\"inLanguage\":\"es-CO\",\"potentialAction\":[{\"@type\":\"ReadAction\",\"target\":[\"https:\\\/\\\/inemjose.edu.co\\\/colegio\\\/newsite2021\\\/2023\\\/02\\\/21\\\/consignas-generales-para-la-prestacion-del-servicio-de-vigilancia-y-seguridad\\\/\"]}]},{\"@type\":\"BreadcrumbList\",\"@id\":\"https:\\\/\\\/inemjose.edu.co\\\/colegio\\\/newsite2021\\\/2023\\\/02\\\/21\\\/consignas-generales-para-la-prestacion-del-servicio-de-vigilancia-y-seguridad\\\/#breadcrumb\",\"itemListElement\":[{\"@type\":\"ListItem\",\"position\":1,\"name\":\"Inicio\",\"item\":\"https:\\\/\\\/inemjose.edu.co\\\/colegio\\\/newsite2021\\\/\"},{\"@type\":\"ListItem\",\"position\":2,\"name\":\"CONSIGNAS GENERALES PARA LA PRESTACI\u00d3N DEL SERVICIO DE VIGILANCIA Y SEGURIDAD\"}]},{\"@type\":\"WebSite\",\"@id\":\"https:\\\/\\\/inemjose.edu.co\\\/colegio\\\/newsite2021\\\/#website\",\"url\":\"https:\\\/\\\/inemjose.edu.co\\\/colegio\\\/newsite2021\\\/\",\"name\":\"I.E INEM Jos\u00e9 F\u00e9lix De Restrepo\",\"description\":\"I.E INEM Jos\u00e9 F\u00e9lix De Restrepo\",\"publisher\":{\"@id\":\"https:\\\/\\\/inemjose.edu.co\\\/colegio\\\/newsite2021\\\/#organization\"},\"potentialAction\":[{\"@type\":\"SearchAction\",\"target\":{\"@type\":\"EntryPoint\",\"urlTemplate\":\"https:\\\/\\\/inemjose.edu.co\\\/colegio\\\/newsite2021\\\/?s={search_term_string}\"},\"query-input\":{\"@type\":\"PropertyValueSpecification\",\"valueRequired\":true,\"valueName\":\"search_term_string\"}}],\"inLanguage\":\"es-CO\"},{\"@type\":\"Organization\",\"@id\":\"https:\\\/\\\/inemjose.edu.co\\\/colegio\\\/newsite2021\\\/#organization\",\"name\":\"INEM MEDELLIN\",\"url\":\"https:\\\/\\\/inemjose.edu.co\\\/colegio\\\/newsite2021\\\/\",\"logo\":{\"@type\":\"ImageObject\",\"inLanguage\":\"es-CO\",\"@id\":\"https:\\\/\\\/inemjose.edu.co\\\/colegio\\\/newsite2021\\\/#\\\/schema\\\/logo\\\/image\\\/\",\"url\":\"https:\\\/\\\/inemjose.edu.co\\\/colegio\\\/newsite2021\\\/wp-content\\\/uploads\\\/2022\\\/03\\\/escudoaltaresolucion.png\",\"contentUrl\":\"https:\\\/\\\/inemjose.edu.co\\\/colegio\\\/newsite2021\\\/wp-content\\\/uploads\\\/2022\\\/03\\\/escudoaltaresolucion.png\",\"width\":410,\"height\":550,\"caption\":\"INEM MEDELLIN\"},\"image\":{\"@id\":\"https:\\\/\\\/inemjose.edu.co\\\/colegio\\\/newsite2021\\\/#\\\/schema\\\/logo\\\/image\\\/\"},\"sameAs\":[\"https:\\\/\\\/www.facebook.com\\\/inemjoseoficial\\\/\",\"https:\\\/\\\/www.instagram.com\\\/inem_medellin\\\/\",\"https:\\\/\\\/www.youtube.com\\\/user\\\/inemtelevision\\\/featured\"]},{\"@type\":\"Person\",\"@id\":\"https:\\\/\\\/inemjose.edu.co\\\/colegio\\\/newsite2021\\\/#\\\/schema\\\/person\\\/f005941dd3222e1baa3ca4844a8ee577\",\"name\":\"inem informatica\",\"image\":{\"@type\":\"ImageObject\",\"inLanguage\":\"es-CO\",\"@id\":\"\\\/\\\/www.gravatar.com\\\/avatar\\\/1a912cfe8b9dc8295efaa945187fff4e?s=96&#038;r=g&#038;d=mm\",\"url\":\"\\\/\\\/www.gravatar.com\\\/avatar\\\/1a912cfe8b9dc8295efaa945187fff4e?s=96&#038;r=g&#038;d=mm\",\"contentUrl\":\"\\\/\\\/www.gravatar.com\\\/avatar\\\/1a912cfe8b9dc8295efaa945187fff4e?s=96&#038;r=g&#038;d=mm\",\"caption\":\"inem informatica\"},\"url\":\"https:\\\/\\\/inemjose.edu.co\\\/colegio\\\/newsite2021\\\/author\\\/ineminformatica\\\/\"}]}<\/script>\n<!-- \/ Yoast SEO plugin. -->","yoast_head_json":{"title":"CONSIGNAS GENERALES PARA LA PRESTACI\u00d3N DEL SERVICIO DE VIGILANCIA Y SEGURIDAD - I.E INEM Jos\u00e9 F\u00e9lix De Restrepo","robots":{"index":"index","follow":"follow","max-snippet":"max-snippet:-1","max-image-preview":"max-image-preview:large","max-video-preview":"max-video-preview:-1"},"canonical":"https:\/\/inemjose.edu.co\/colegio\/newsite2021\/2023\/02\/21\/consignas-generales-para-la-prestacion-del-servicio-de-vigilancia-y-seguridad\/","og_locale":"es_ES","og_type":"article","og_title":"CONSIGNAS GENERALES PARA LA PRESTACI\u00d3N DEL SERVICIO DE VIGILANCIA Y SEGURIDAD - I.E INEM Jos\u00e9 F\u00e9lix De Restrepo","og_description":"CONSIGNAS GENERALES PARA LA PRESTACI\u00d3N DEL SERVICIO DE VIGILANCIA Y SEGURIDAD PRIVADA EN LAS INSTITUCIONES EDUCATIVAS DEL DISTRITO ESPECIAL DE CIENCIAS, T\u00c9CNOLOGIA E INNOVACI\u00d3N DE MEDELL\u00cdN. &nbsp;","og_url":"https:\/\/inemjose.edu.co\/colegio\/newsite2021\/2023\/02\/21\/consignas-generales-para-la-prestacion-del-servicio-de-vigilancia-y-seguridad\/","og_site_name":"I.E INEM Jos\u00e9 F\u00e9lix De Restrepo","article_publisher":"https:\/\/www.facebook.com\/inemjoseoficial\/","article_published_time":"2023-02-21T18:32:32+00:00","article_modified_time":"2023-02-21T18:32:58+00:00","author":"inem informatica","twitter_card":"summary_large_image","twitter_misc":{"Escrito por":"inem informatica","Tiempo de lectura":"1 minuto"},"schema":{"@context":"https:\/\/schema.org","@graph":[{"@type":"Article","@id":"https:\/\/inemjose.edu.co\/colegio\/newsite2021\/2023\/02\/21\/consignas-generales-para-la-prestacion-del-servicio-de-vigilancia-y-seguridad\/#article","isPartOf":{"@id":"https:\/\/inemjose.edu.co\/colegio\/newsite2021\/2023\/02\/21\/consignas-generales-para-la-prestacion-del-servicio-de-vigilancia-y-seguridad\/"},"author":{"name":"inem informatica","@id":"https:\/\/inemjose.edu.co\/colegio\/newsite2021\/#\/schema\/person\/f005941dd3222e1baa3ca4844a8ee577"},"headline":"CONSIGNAS GENERALES PARA LA PRESTACI\u00d3N DEL SERVICIO DE VIGILANCIA Y SEGURIDAD","datePublished":"2023-02-21T18:32:32+00:00","dateModified":"2023-02-21T18:32:58+00:00","mainEntityOfPage":{"@id":"https:\/\/inemjose.edu.co\/colegio\/newsite2021\/2023\/02\/21\/consignas-generales-para-la-prestacion-del-servicio-de-vigilancia-y-seguridad\/"},"wordCount":45,"publisher":{"@id":"https:\/\/inemjose.edu.co\/colegio\/newsite2021\/#organization"},"articleSection":["Noticias"],"inLanguage":"es-CO"},{"@type":"WebPage","@id":"https:\/\/inemjose.edu.co\/colegio\/newsite2021\/2023\/02\/21\/consignas-generales-para-la-prestacion-del-servicio-de-vigilancia-y-seguridad\/","url":"https:\/\/inemjose.edu.co\/colegio\/newsite2021\/2023\/02\/21\/consignas-generales-para-la-prestacion-del-servicio-de-vigilancia-y-seguridad\/","name":"CONSIGNAS GENERALES PARA LA PRESTACI\u00d3N DEL SERVICIO DE VIGILANCIA Y SEGURIDAD - I.E INEM Jos\u00e9 F\u00e9lix De Restrepo","isPartOf":{"@id":"https:\/\/inemjose.edu.co\/colegio\/newsite2021\/#website"},"datePublished":"2023-02-21T18:32:32+00:00","dateModified":"2023-02-21T18:32:58+00:00","breadcrumb":{"@id":"https:\/\/inemjose.edu.co\/colegio\/newsite2021\/2023\/02\/21\/consignas-generales-para-la-prestacion-del-servicio-de-vigilancia-y-seguridad\/#breadcrumb"},"inLanguage":"es-CO","potentialAction":[{"@type":"ReadAction","target":["https:\/\/inemjose.edu.co\/colegio\/newsite2021\/2023\/02\/21\/consignas-generales-para-la-prestacion-del-servicio-de-vigilancia-y-seguridad\/"]}]},{"@type":"BreadcrumbList","@id":"https:\/\/inemjose.edu.co\/colegio\/newsite2021\/2023\/02\/21\/consignas-generales-para-la-prestacion-del-servicio-de-vigilancia-y-seguridad\/#breadcrumb","itemListElement":[{"@type":"ListItem","position":1,"name":"Inicio","item":"https:\/\/inemjose.edu.co\/colegio\/newsite2021\/"},{"@type":"ListItem","position":2,"name":"CONSIGNAS GENERALES PARA LA PRESTACI\u00d3N DEL SERVICIO DE VIGILANCIA Y SEGURIDAD"}]},{"@type":"WebSite","@id":"https:\/\/inemjose.edu.co\/colegio\/newsite2021\/#website","url":"https:\/\/inemjose.edu.co\/colegio\/newsite2021\/","name":"I.E INEM Jos\u00e9 F\u00e9lix De Restrepo","description":"I.E INEM Jos\u00e9 F\u00e9lix De Restrepo","publisher":{"@id":"https:\/\/inemjose.edu.co\/colegio\/newsite2021\/#organization"},"potentialAction":[{"@type":"SearchAction","target":{"@type":"EntryPoint","urlTemplate":"https:\/\/inemjose.edu.co\/colegio\/newsite2021\/?s={search_term_string}"},"query-input":{"@type":"PropertyValueSpecification","valueRequired":true,"valueName":"search_term_string"}}],"inLanguage":"es-CO"},{"@type":"Organization","@id":"https:\/\/inemjose.edu.co\/colegio\/newsite2021\/#organization","name":"INEM MEDELLIN","url":"https:\/\/inemjose.edu.co\/colegio\/newsite2021\/","logo":{"@type":"ImageObject","inLanguage":"es-CO","@id":"https:\/\/inemjose.edu.co\/colegio\/newsite2021\/#\/schema\/logo\/image\/","url":"https:\/\/inemjose.edu.co\/colegio\/newsite2021\/wp-content\/uploads\/2022\/03\/escudoaltaresolucion.png","contentUrl":"https:\/\/inemjose.edu.co\/colegio\/newsite2021\/wp-content\/uploads\/2022\/03\/escudoaltaresolucion.png","width":410,"height":550,"caption":"INEM MEDELLIN"},"image":{"@id":"https:\/\/inemjose.edu.co\/colegio\/newsite2021\/#\/schema\/logo\/image\/"},"sameAs":["https:\/\/www.facebook.com\/inemjoseoficial\/","https:\/\/www.instagram.com\/inem_medellin\/","https:\/\/www.youtube.com\/user\/inemtelevision\/featured"]},{"@type":"Person","@id":"https:\/\/inemjose.edu.co\/colegio\/newsite2021\/#\/schema\/person\/f005941dd3222e1baa3ca4844a8ee577","name":"inem informatica","image":{"@type":"ImageObject","inLanguage":"es-CO","@id":"\/\/www.gravatar.com\/avatar\/1a912cfe8b9dc8295efaa945187fff4e?s=96&#038;r=g&#038;d=mm","url":"\/\/www.gravatar.com\/avatar\/1a912cfe8b9dc8295efaa945187fff4e?s=96&#038;r=g&#038;d=mm","contentUrl":"\/\/www.gravatar.com\/avatar\/1a912cfe8b9dc8295efaa945187fff4e?s=96&#038;r=g&#038;d=mm","caption":"inem informatica"},"url":"https:\/\/inemjose.edu.co\/colegio\/newsite2021\/author\/ineminformatica\/"}]}},"_links":{"self":[{"href":"https:\/\/inemjose.edu.co\/colegio\/newsite2021\/wp-json\/wp\/v2\/posts\/14023","targetHints":{"allow":["GET"]}}],"collection":[{"href":"https:\/\/inemjose.edu.co\/colegio\/newsite2021\/wp-json\/wp\/v2\/posts"}],"about":[{"href":"https:\/\/inemjose.edu.co\/colegio\/newsite2021\/wp-json\/wp\/v2\/types\/post"}],"author":[{"embeddable":true,"href":"https:\/\/inemjose.edu.co\/colegio\/newsite2021\/wp-json\/wp\/v2\/users\/3"}],"replies":[{"embeddable":true,"href":"https:\/\/inemjose.edu.co\/colegio\/newsite2021\/wp-json\/wp\/v2\/comments?post=14023"}],"version-history":[{"count":1,"href":"https:\/\/inemjose.edu.co\/colegio\/newsite2021\/wp-json\/wp\/v2\/posts\/14023\/revisions"}],"predecessor-version":[{"id":14027,"href":"https:\/\/inemjose.edu.co\/colegio\/newsite2021\/wp-json\/wp\/v2\/posts\/14023\/revisions\/14027"}],"wp:attachment":[{"href":"https:\/\/inemjose.edu.co\/colegio\/newsite2021\/wp-json\/wp\/v2\/media?parent=14023"}],"wp:term":[{"taxonomy":"category","embeddable":true,"href":"https:\/\/inemjose.edu.co\/colegio\/newsite2021\/wp-json\/wp\/v2\/categories?post=14023"},{"taxonomy":"post_tag","embeddable":true,"href":"https:\/\/inemjose.edu.co\/colegio\/newsite2021\/wp-json\/wp\/v2\/tags?post=14023"}],"curies":[{"name":"wp","href":"https:\/\/api.w.org\/{rel}","templated":true}]}}