{"id":22062,"date":"2026-01-30T08:05:31","date_gmt":"2026-01-30T13:05:31","guid":{"rendered":"https:\/\/inemjose.edu.co\/colegio\/newsite2021\/?p=22062"},"modified":"2026-04-14T07:23:57","modified_gmt":"2026-04-14T12:23:57","slug":"proceso-003-2026","status":"publish","type":"post","link":"https:\/\/inemjose.edu.co\/colegio\/newsite2021\/2026\/01\/30\/proceso-003-2026\/","title":{"rendered":"PROCESO 003-2026"},"content":{"rendered":"<p>La IE INEM Jos\u00e9 F\u00e9lix de Restrepo est\u00e1 interesado en las ofertas de car\u00e1cter personal o jur\u00eddica para contratar:\u00a0<a name=\"_Hlk112326781\"><\/a><\/p>\n<p><strong>\u201cSERVICIO DE AUXILIAR DE ENFERMER\u00cdA A TRAVES DE UNA EMPRESA TEMPORAL<\/strong><strong>\u201d.<\/strong><\/p>\n<table style=\"height: 185px;\" width=\"737\">\n<tbody>\n<tr>\n<td><strong>ID PROCESO 003-2026<\/strong><\/td>\n<td>003<\/td>\n<td>Adendas:<\/td>\n<\/tr>\n<tr>\n<td>Cuant\u00eda<\/td>\n<td><\/td>\n<td><\/td>\n<\/tr>\n<tr>\n<td>APERTURA<\/td>\n<td><strong>30<\/strong>\/01\/2026<\/td>\n<td><\/td>\n<\/tr>\n<tr>\n<td>CIERRE<\/td>\n<td><strong>30<\/strong>\/01\/2026<\/td>\n<td><\/td>\n<\/tr>\n<tr>\n<td><\/td>\n<td>Temporales el Punto S.A.<\/td>\n<td><\/td>\n<\/tr>\n<tr>\n<td>Estado<\/td>\n<td>Adjudicado-Contrataci\u00f3n Directa<\/td>\n<td><\/td>\n<\/tr>\n<\/tbody>\n<\/table>\n<p>&nbsp;<\/p>\n<!-- WP Attachments -->\r\n        <div style=\"width:100%;margin:10px 0 10px 0;\">\r\n            <h3>Adjuntos<\/h3>\r\n        <ul class=\"post-attachments\"><li class=\"post-attachment mime-application-pdf\"><a href=\"https:\/\/inemjose.edu.co\/colegio\/newsite2021\/wp-content\/uploads\/2026\/02\/1.-Estudios-previos-Enfermera.pdf\">1. Estudios previos Enfermera<\/a> <small>(737 kB)<\/small><\/li><li class=\"post-attachment mime-application-pdf\"><a href=\"https:\/\/inemjose.edu.co\/colegio\/newsite2021\/wp-content\/uploads\/2026\/02\/2.-Certificado-Idoneidad-003Enfermera.pdf\">2. Certificado Idoneidad 003Enfermera<\/a> <small>(165 kB)<\/small><\/li><li class=\"post-attachment mime-application-pdf\"><a href=\"https:\/\/inemjose.edu.co\/colegio\/newsite2021\/wp-content\/uploads\/2026\/02\/3.-Lista-de-chequeo-003-TemporalesElPunto.pdf\">3. Lista de chequeo 003 TemporalesElPunto<\/a> <small>(416 kB)<\/small><\/li><li class=\"post-attachment mime-application-pdf\"><a href=\"https:\/\/inemjose.edu.co\/colegio\/newsite2021\/wp-content\/uploads\/2026\/01\/4.-AceptacionOferta003Enfermera.pdf\">4. AceptacionOferta003Enfermera<\/a> <small>(155 kB)<\/small><\/li><li class=\"post-attachment mime-application-pdf\"><a href=\"https:\/\/inemjose.edu.co\/colegio\/newsite2021\/wp-content\/uploads\/2026\/01\/5.-Adjudicacion-003Enfermera.pdf\">5. Adjudicacion 003Enfermera<\/a> <small>(443 kB)<\/small><\/li><li class=\"post-attachment mime-application-pdf\"><a href=\"https:\/\/inemjose.edu.co\/colegio\/newsite2021\/wp-content\/uploads\/2026\/01\/6.-ActaInicio003Enfermera...pdf\">6. ActaInicio003Enfermera..<\/a> <small>(630 kB)<\/small><\/li><li class=\"post-attachment mime-application-pdf\"><a href=\"https:\/\/inemjose.edu.co\/colegio\/newsite2021\/wp-content\/uploads\/2026\/01\/8.-SECOPII-ENFERMERIA-1.pdf\">8. SECOPII- ENFERMERIA<\/a> <small>(370 kB)<\/small><\/li><li class=\"post-attachment mime-application-pdf\"><a href=\"https:\/\/inemjose.edu.co\/colegio\/newsite2021\/wp-content\/uploads\/2026\/01\/9.-Recibido-a-satisfaccion1-1.pdf\">9. Recibido a satisfaccion1<\/a> <small>(3 MB)<\/small><\/li><li class=\"post-attachment mime-application-pdf\"><a href=\"https:\/\/inemjose.edu.co\/colegio\/newsite2021\/wp-content\/uploads\/2026\/01\/7.-Contrato003Enfermera-5.pdf\">7. Contrato003Enfermera<\/a> <small>(725 kB)<\/small><\/li><li class=\"post-attachment mime-application-pdf\"><a href=\"https:\/\/inemjose.edu.co\/colegio\/newsite2021\/wp-content\/uploads\/2026\/01\/10.-Recibido-a-satisfaccion-2.pdf\">10. Recibido a satisfaccion 2<\/a> <small>(588 kB)<\/small><\/li><\/ul><\/div>","protected":false},"excerpt":{"rendered":"<p>La IE INEM Jos\u00e9 F\u00e9lix de Restrepo est\u00e1 interesado en las ofertas de car\u00e1cter personal o jur\u00eddica para contratar:\u00a0 \u201cSERVICIO DE AUXILIAR DE ENFERMER\u00cdA A TRAVES DE UNA EMPRESA TEMPORAL\u201d. ID PROCESO 003-2026 003 Adendas: Cuant\u00eda APERTURA 30\/01\/2026 CIERRE 30\/01\/2026 &hellip; <\/p>\n","protected":false},"author":2,"featured_media":0,"comment_status":"open","ping_status":"open","sticky":false,"template":"","format":"standard","meta":{"_bbp_topic_count":0,"_bbp_reply_count":0,"_bbp_total_topic_count":0,"_bbp_total_reply_count":0,"_bbp_voice_count":0,"_bbp_anonymous_reply_count":0,"_bbp_topic_count_hidden":0,"_bbp_reply_count_hidden":0,"_bbp_forum_subforum_count":0,"_angie_page":false,"pmpro_default_level":"","rs_blank_template":"","rs_page_bg_color":"","slide_template_v7":"","page_builder":"","footnotes":""},"categories":[90],"tags":[],"class_list":["post-22062","post","type-post","status-publish","format-standard","hentry","category-contratacion","pmpro-has-access"],"yoast_head":"<!-- This site is optimized with the Yoast SEO plugin v27.4 - https:\/\/yoast.com\/product\/yoast-seo-wordpress\/ -->\n<title>PROCESO 003-2026 - I.E INEM Jos\u00e9 F\u00e9lix De Restrepo<\/title>\n<meta name=\"robots\" content=\"index, follow, max-snippet:-1, max-image-preview:large, max-video-preview:-1\" \/>\n<link rel=\"canonical\" href=\"https:\/\/inemjose.edu.co\/colegio\/newsite2021\/2026\/01\/30\/proceso-003-2026\/\" \/>\n<meta property=\"og:locale\" content=\"es_ES\" \/>\n<meta property=\"og:type\" content=\"article\" \/>\n<meta property=\"og:title\" content=\"PROCESO 003-2026 - I.E INEM Jos\u00e9 F\u00e9lix De Restrepo\" \/>\n<meta property=\"og:description\" content=\"La IE INEM Jos\u00e9 F\u00e9lix de Restrepo est\u00e1 interesado en las ofertas de car\u00e1cter personal o jur\u00eddica para contratar:\u00a0 \u201cSERVICIO DE AUXILIAR DE ENFERMER\u00cdA A TRAVES DE UNA EMPRESA TEMPORAL\u201d. ID PROCESO 003-2026 003 Adendas: Cuant\u00eda APERTURA 30\/01\/2026 CIERRE 30\/01\/2026 &hellip;\" \/>\n<meta property=\"og:url\" content=\"https:\/\/inemjose.edu.co\/colegio\/newsite2021\/2026\/01\/30\/proceso-003-2026\/\" \/>\n<meta property=\"og:site_name\" content=\"I.E INEM Jos\u00e9 F\u00e9lix De Restrepo\" \/>\n<meta property=\"article:publisher\" content=\"https:\/\/www.facebook.com\/inemjoseoficial\/\" \/>\n<meta property=\"article:published_time\" content=\"2026-01-30T13:05:31+00:00\" \/>\n<meta property=\"article:modified_time\" content=\"2026-04-14T12:23:57+00:00\" \/>\n<meta name=\"author\" content=\"Diana Patricia Mesa Pimienta\" \/>\n<meta name=\"twitter:card\" content=\"summary_large_image\" \/>\n<meta name=\"twitter:label1\" content=\"Escrito por\" \/>\n\t<meta name=\"twitter:data1\" content=\"Diana Patricia Mesa Pimienta\" \/>\n\t<meta name=\"twitter:label2\" content=\"Tiempo de lectura\" \/>\n\t<meta name=\"twitter:data2\" content=\"1 minuto\" \/>\n<script type=\"application\/ld+json\" class=\"yoast-schema-graph\">{\"@context\":\"https:\\\/\\\/schema.org\",\"@graph\":[{\"@type\":\"Article\",\"@id\":\"https:\\\/\\\/inemjose.edu.co\\\/colegio\\\/newsite2021\\\/2026\\\/01\\\/30\\\/proceso-003-2026\\\/#article\",\"isPartOf\":{\"@id\":\"https:\\\/\\\/inemjose.edu.co\\\/colegio\\\/newsite2021\\\/2026\\\/01\\\/30\\\/proceso-003-2026\\\/\"},\"author\":{\"name\":\"Diana Patricia Mesa Pimienta\",\"@id\":\"https:\\\/\\\/inemjose.edu.co\\\/colegio\\\/newsite2021\\\/#\\\/schema\\\/person\\\/cb1a4a04b05690f861aeb8fd00474bcf\"},\"headline\":\"PROCESO 003-2026\",\"datePublished\":\"2026-01-30T13:05:31+00:00\",\"dateModified\":\"2026-04-14T12:23:57+00:00\",\"mainEntityOfPage\":{\"@id\":\"https:\\\/\\\/inemjose.edu.co\\\/colegio\\\/newsite2021\\\/2026\\\/01\\\/30\\\/proceso-003-2026\\\/\"},\"wordCount\":54,\"commentCount\":0,\"publisher\":{\"@id\":\"https:\\\/\\\/inemjose.edu.co\\\/colegio\\\/newsite2021\\\/#organization\"},\"articleSection\":[\"Contrataci\u00f3n\"],\"inLanguage\":\"es-CO\",\"potentialAction\":[{\"@type\":\"CommentAction\",\"name\":\"Comment\",\"target\":[\"https:\\\/\\\/inemjose.edu.co\\\/colegio\\\/newsite2021\\\/2026\\\/01\\\/30\\\/proceso-003-2026\\\/#respond\"]}]},{\"@type\":\"WebPage\",\"@id\":\"https:\\\/\\\/inemjose.edu.co\\\/colegio\\\/newsite2021\\\/2026\\\/01\\\/30\\\/proceso-003-2026\\\/\",\"url\":\"https:\\\/\\\/inemjose.edu.co\\\/colegio\\\/newsite2021\\\/2026\\\/01\\\/30\\\/proceso-003-2026\\\/\",\"name\":\"PROCESO 003-2026 - I.E INEM Jos\u00e9 F\u00e9lix De Restrepo\",\"isPartOf\":{\"@id\":\"https:\\\/\\\/inemjose.edu.co\\\/colegio\\\/newsite2021\\\/#website\"},\"datePublished\":\"2026-01-30T13:05:31+00:00\",\"dateModified\":\"2026-04-14T12:23:57+00:00\",\"breadcrumb\":{\"@id\":\"https:\\\/\\\/inemjose.edu.co\\\/colegio\\\/newsite2021\\\/2026\\\/01\\\/30\\\/proceso-003-2026\\\/#breadcrumb\"},\"inLanguage\":\"es-CO\",\"potentialAction\":[{\"@type\":\"ReadAction\",\"target\":[\"https:\\\/\\\/inemjose.edu.co\\\/colegio\\\/newsite2021\\\/2026\\\/01\\\/30\\\/proceso-003-2026\\\/\"]}]},{\"@type\":\"BreadcrumbList\",\"@id\":\"https:\\\/\\\/inemjose.edu.co\\\/colegio\\\/newsite2021\\\/2026\\\/01\\\/30\\\/proceso-003-2026\\\/#breadcrumb\",\"itemListElement\":[{\"@type\":\"ListItem\",\"position\":1,\"name\":\"Inicio\",\"item\":\"https:\\\/\\\/inemjose.edu.co\\\/colegio\\\/newsite2021\\\/\"},{\"@type\":\"ListItem\",\"position\":2,\"name\":\"PROCESO 003-2026\"}]},{\"@type\":\"WebSite\",\"@id\":\"https:\\\/\\\/inemjose.edu.co\\\/colegio\\\/newsite2021\\\/#website\",\"url\":\"https:\\\/\\\/inemjose.edu.co\\\/colegio\\\/newsite2021\\\/\",\"name\":\"I.E INEM Jos\u00e9 F\u00e9lix De Restrepo\",\"description\":\"I.E INEM Jos\u00e9 F\u00e9lix De Restrepo\",\"publisher\":{\"@id\":\"https:\\\/\\\/inemjose.edu.co\\\/colegio\\\/newsite2021\\\/#organization\"},\"potentialAction\":[{\"@type\":\"SearchAction\",\"target\":{\"@type\":\"EntryPoint\",\"urlTemplate\":\"https:\\\/\\\/inemjose.edu.co\\\/colegio\\\/newsite2021\\\/?s={search_term_string}\"},\"query-input\":{\"@type\":\"PropertyValueSpecification\",\"valueRequired\":true,\"valueName\":\"search_term_string\"}}],\"inLanguage\":\"es-CO\"},{\"@type\":\"Organization\",\"@id\":\"https:\\\/\\\/inemjose.edu.co\\\/colegio\\\/newsite2021\\\/#organization\",\"name\":\"INEM MEDELLIN\",\"url\":\"https:\\\/\\\/inemjose.edu.co\\\/colegio\\\/newsite2021\\\/\",\"logo\":{\"@type\":\"ImageObject\",\"inLanguage\":\"es-CO\",\"@id\":\"https:\\\/\\\/inemjose.edu.co\\\/colegio\\\/newsite2021\\\/#\\\/schema\\\/logo\\\/image\\\/\",\"url\":\"https:\\\/\\\/inemjose.edu.co\\\/colegio\\\/newsite2021\\\/wp-content\\\/uploads\\\/2022\\\/03\\\/escudoaltaresolucion.png\",\"contentUrl\":\"https:\\\/\\\/inemjose.edu.co\\\/colegio\\\/newsite2021\\\/wp-content\\\/uploads\\\/2022\\\/03\\\/escudoaltaresolucion.png\",\"width\":410,\"height\":550,\"caption\":\"INEM MEDELLIN\"},\"image\":{\"@id\":\"https:\\\/\\\/inemjose.edu.co\\\/colegio\\\/newsite2021\\\/#\\\/schema\\\/logo\\\/image\\\/\"},\"sameAs\":[\"https:\\\/\\\/www.facebook.com\\\/inemjoseoficial\\\/\",\"https:\\\/\\\/www.instagram.com\\\/inem_medellin\\\/\",\"https:\\\/\\\/www.youtube.com\\\/user\\\/inemtelevision\\\/featured\"]},{\"@type\":\"Person\",\"@id\":\"https:\\\/\\\/inemjose.edu.co\\\/colegio\\\/newsite2021\\\/#\\\/schema\\\/person\\\/cb1a4a04b05690f861aeb8fd00474bcf\",\"name\":\"Diana Patricia Mesa Pimienta\",\"image\":{\"@type\":\"ImageObject\",\"inLanguage\":\"es-CO\",\"@id\":\"\\\/\\\/www.gravatar.com\\\/avatar\\\/afbfad940a6f3a26565e38fac3791962?s=96&#038;r=g&#038;d=mm\",\"url\":\"\\\/\\\/www.gravatar.com\\\/avatar\\\/afbfad940a6f3a26565e38fac3791962?s=96&#038;r=g&#038;d=mm\",\"contentUrl\":\"\\\/\\\/www.gravatar.com\\\/avatar\\\/afbfad940a6f3a26565e38fac3791962?s=96&#038;r=g&#038;d=mm\",\"caption\":\"Diana Patricia Mesa Pimienta\"},\"sameAs\":[\"http:\\\/\\\/www.inemjose.edu.co\"],\"url\":\"https:\\\/\\\/inemjose.edu.co\\\/colegio\\\/newsite2021\\\/author\\\/dianamesap\\\/\"}]}<\/script>\n<!-- \/ Yoast SEO plugin. -->","yoast_head_json":{"title":"PROCESO 003-2026 - I.E INEM Jos\u00e9 F\u00e9lix De Restrepo","robots":{"index":"index","follow":"follow","max-snippet":"max-snippet:-1","max-image-preview":"max-image-preview:large","max-video-preview":"max-video-preview:-1"},"canonical":"https:\/\/inemjose.edu.co\/colegio\/newsite2021\/2026\/01\/30\/proceso-003-2026\/","og_locale":"es_ES","og_type":"article","og_title":"PROCESO 003-2026 - I.E INEM Jos\u00e9 F\u00e9lix De Restrepo","og_description":"La IE INEM Jos\u00e9 F\u00e9lix de Restrepo est\u00e1 interesado en las ofertas de car\u00e1cter personal o jur\u00eddica para contratar:\u00a0 \u201cSERVICIO DE AUXILIAR DE ENFERMER\u00cdA A TRAVES DE UNA EMPRESA TEMPORAL\u201d. ID PROCESO 003-2026 003 Adendas: Cuant\u00eda APERTURA 30\/01\/2026 CIERRE 30\/01\/2026 &hellip;","og_url":"https:\/\/inemjose.edu.co\/colegio\/newsite2021\/2026\/01\/30\/proceso-003-2026\/","og_site_name":"I.E INEM Jos\u00e9 F\u00e9lix De Restrepo","article_publisher":"https:\/\/www.facebook.com\/inemjoseoficial\/","article_published_time":"2026-01-30T13:05:31+00:00","article_modified_time":"2026-04-14T12:23:57+00:00","author":"Diana Patricia Mesa Pimienta","twitter_card":"summary_large_image","twitter_misc":{"Escrito por":"Diana Patricia Mesa Pimienta","Tiempo de lectura":"1 minuto"},"schema":{"@context":"https:\/\/schema.org","@graph":[{"@type":"Article","@id":"https:\/\/inemjose.edu.co\/colegio\/newsite2021\/2026\/01\/30\/proceso-003-2026\/#article","isPartOf":{"@id":"https:\/\/inemjose.edu.co\/colegio\/newsite2021\/2026\/01\/30\/proceso-003-2026\/"},"author":{"name":"Diana Patricia Mesa Pimienta","@id":"https:\/\/inemjose.edu.co\/colegio\/newsite2021\/#\/schema\/person\/cb1a4a04b05690f861aeb8fd00474bcf"},"headline":"PROCESO 003-2026","datePublished":"2026-01-30T13:05:31+00:00","dateModified":"2026-04-14T12:23:57+00:00","mainEntityOfPage":{"@id":"https:\/\/inemjose.edu.co\/colegio\/newsite2021\/2026\/01\/30\/proceso-003-2026\/"},"wordCount":54,"commentCount":0,"publisher":{"@id":"https:\/\/inemjose.edu.co\/colegio\/newsite2021\/#organization"},"articleSection":["Contrataci\u00f3n"],"inLanguage":"es-CO","potentialAction":[{"@type":"CommentAction","name":"Comment","target":["https:\/\/inemjose.edu.co\/colegio\/newsite2021\/2026\/01\/30\/proceso-003-2026\/#respond"]}]},{"@type":"WebPage","@id":"https:\/\/inemjose.edu.co\/colegio\/newsite2021\/2026\/01\/30\/proceso-003-2026\/","url":"https:\/\/inemjose.edu.co\/colegio\/newsite2021\/2026\/01\/30\/proceso-003-2026\/","name":"PROCESO 003-2026 - I.E INEM Jos\u00e9 F\u00e9lix De Restrepo","isPartOf":{"@id":"https:\/\/inemjose.edu.co\/colegio\/newsite2021\/#website"},"datePublished":"2026-01-30T13:05:31+00:00","dateModified":"2026-04-14T12:23:57+00:00","breadcrumb":{"@id":"https:\/\/inemjose.edu.co\/colegio\/newsite2021\/2026\/01\/30\/proceso-003-2026\/#breadcrumb"},"inLanguage":"es-CO","potentialAction":[{"@type":"ReadAction","target":["https:\/\/inemjose.edu.co\/colegio\/newsite2021\/2026\/01\/30\/proceso-003-2026\/"]}]},{"@type":"BreadcrumbList","@id":"https:\/\/inemjose.edu.co\/colegio\/newsite2021\/2026\/01\/30\/proceso-003-2026\/#breadcrumb","itemListElement":[{"@type":"ListItem","position":1,"name":"Inicio","item":"https:\/\/inemjose.edu.co\/colegio\/newsite2021\/"},{"@type":"ListItem","position":2,"name":"PROCESO 003-2026"}]},{"@type":"WebSite","@id":"https:\/\/inemjose.edu.co\/colegio\/newsite2021\/#website","url":"https:\/\/inemjose.edu.co\/colegio\/newsite2021\/","name":"I.E INEM Jos\u00e9 F\u00e9lix De Restrepo","description":"I.E INEM Jos\u00e9 F\u00e9lix De Restrepo","publisher":{"@id":"https:\/\/inemjose.edu.co\/colegio\/newsite2021\/#organization"},"potentialAction":[{"@type":"SearchAction","target":{"@type":"EntryPoint","urlTemplate":"https:\/\/inemjose.edu.co\/colegio\/newsite2021\/?s={search_term_string}"},"query-input":{"@type":"PropertyValueSpecification","valueRequired":true,"valueName":"search_term_string"}}],"inLanguage":"es-CO"},{"@type":"Organization","@id":"https:\/\/inemjose.edu.co\/colegio\/newsite2021\/#organization","name":"INEM MEDELLIN","url":"https:\/\/inemjose.edu.co\/colegio\/newsite2021\/","logo":{"@type":"ImageObject","inLanguage":"es-CO","@id":"https:\/\/inemjose.edu.co\/colegio\/newsite2021\/#\/schema\/logo\/image\/","url":"https:\/\/inemjose.edu.co\/colegio\/newsite2021\/wp-content\/uploads\/2022\/03\/escudoaltaresolucion.png","contentUrl":"https:\/\/inemjose.edu.co\/colegio\/newsite2021\/wp-content\/uploads\/2022\/03\/escudoaltaresolucion.png","width":410,"height":550,"caption":"INEM MEDELLIN"},"image":{"@id":"https:\/\/inemjose.edu.co\/colegio\/newsite2021\/#\/schema\/logo\/image\/"},"sameAs":["https:\/\/www.facebook.com\/inemjoseoficial\/","https:\/\/www.instagram.com\/inem_medellin\/","https:\/\/www.youtube.com\/user\/inemtelevision\/featured"]},{"@type":"Person","@id":"https:\/\/inemjose.edu.co\/colegio\/newsite2021\/#\/schema\/person\/cb1a4a04b05690f861aeb8fd00474bcf","name":"Diana Patricia Mesa Pimienta","image":{"@type":"ImageObject","inLanguage":"es-CO","@id":"\/\/www.gravatar.com\/avatar\/afbfad940a6f3a26565e38fac3791962?s=96&#038;r=g&#038;d=mm","url":"\/\/www.gravatar.com\/avatar\/afbfad940a6f3a26565e38fac3791962?s=96&#038;r=g&#038;d=mm","contentUrl":"\/\/www.gravatar.com\/avatar\/afbfad940a6f3a26565e38fac3791962?s=96&#038;r=g&#038;d=mm","caption":"Diana Patricia Mesa Pimienta"},"sameAs":["http:\/\/www.inemjose.edu.co"],"url":"https:\/\/inemjose.edu.co\/colegio\/newsite2021\/author\/dianamesap\/"}]}},"_links":{"self":[{"href":"https:\/\/inemjose.edu.co\/colegio\/newsite2021\/wp-json\/wp\/v2\/posts\/22062","targetHints":{"allow":["GET"]}}],"collection":[{"href":"https:\/\/inemjose.edu.co\/colegio\/newsite2021\/wp-json\/wp\/v2\/posts"}],"about":[{"href":"https:\/\/inemjose.edu.co\/colegio\/newsite2021\/wp-json\/wp\/v2\/types\/post"}],"author":[{"embeddable":true,"href":"https:\/\/inemjose.edu.co\/colegio\/newsite2021\/wp-json\/wp\/v2\/users\/2"}],"replies":[{"embeddable":true,"href":"https:\/\/inemjose.edu.co\/colegio\/newsite2021\/wp-json\/wp\/v2\/comments?post=22062"}],"version-history":[{"count":2,"href":"https:\/\/inemjose.edu.co\/colegio\/newsite2021\/wp-json\/wp\/v2\/posts\/22062\/revisions"}],"predecessor-version":[{"id":22071,"href":"https:\/\/inemjose.edu.co\/colegio\/newsite2021\/wp-json\/wp\/v2\/posts\/22062\/revisions\/22071"}],"wp:attachment":[{"href":"https:\/\/inemjose.edu.co\/colegio\/newsite2021\/wp-json\/wp\/v2\/media?parent=22062"}],"wp:term":[{"taxonomy":"category","embeddable":true,"href":"https:\/\/inemjose.edu.co\/colegio\/newsite2021\/wp-json\/wp\/v2\/categories?post=22062"},{"taxonomy":"post_tag","embeddable":true,"href":"https:\/\/inemjose.edu.co\/colegio\/newsite2021\/wp-json\/wp\/v2\/tags?post=22062"}],"curies":[{"name":"wp","href":"https:\/\/api.w.org\/{rel}","templated":true}]}}