{"id":23369,"date":"2026-08-13T02:30:15","date_gmt":"2026-08-13T07:30:15","guid":{"rendered":"https:\/\/inemjose.edu.co\/colegio\/newsite2021\/?p=23369"},"modified":"2026-09-02T14:06:54","modified_gmt":"2026-09-02T19:06:54","slug":"proceso-021-2026","status":"publish","type":"post","link":"https:\/\/inemjose.edu.co\/colegio\/newsite2021\/2026\/08\/13\/proceso-021-2026\/","title":{"rendered":"PROCESO 021-2026"},"content":{"rendered":"<p>La IE INEM Jos\u00e9 F\u00e9lix de Restrepo est\u00e1 interesado en las ofertas de car\u00e1cter personal o jur\u00eddica para contratar:\u00a0<a name=\"_Hlk112326781\"><\/a><\/p>\n<p><strong>\u201cAdquisici\u00f3n y entrega de materiales pedag\u00f3gicos, did\u00e1cticos, art\u00edsticos y de expresi\u00f3n creativa requeridos por la Instituci\u00f3n Educativa INEM Jos\u00e9 F\u00e9lix de Restrepo para la implementaci\u00f3n y desarrollo del proyecto \u201cFormaci\u00f3n Integral\u201d, conforme a las cantidades, especificaciones t\u00e9cnicas, condiciones de calidad y dem\u00e1s caracter\u00edsticas establecidas en los documentos del proceso.&#8221;<\/strong><\/p>\n<p><strong>\u00a0<\/strong><\/p>\n<table style=\"height: 185px;\" width=\"737\">\n<tbody>\n<tr>\n<td><strong>ID PROCESO 021-2026<\/strong><\/td>\n<td>021<\/td>\n<td>Adendas:<\/td>\n<\/tr>\n<tr>\n<td>Cuant\u00eda<\/td>\n<td><\/td>\n<td><\/td>\n<\/tr>\n<tr>\n<td>APERTURA<\/td>\n<td>13\/08\/2026<\/td>\n<td><\/td>\n<\/tr>\n<tr>\n<td>CIERRE<\/td>\n<td>14\/08\/2026 hasta las 4:00 p.m.<\/td>\n<td><\/td>\n<\/tr>\n<tr>\n<td><\/td>\n<td>LUIS FELIPE GOMEZ SUAREZ<\/td>\n<td><\/td>\n<\/tr>\n<tr>\n<td>Estado<\/td>\n<td>Adjudicado<\/td>\n<td><\/td>\n<\/tr>\n<\/tbody>\n<\/table>\n<p>&nbsp;<\/p>\n<!-- WP Attachments -->\r\n        <div style=\"width:100%;margin:10px 0 10px 0;\">\r\n            <h3>Adjuntos<\/h3>\r\n        <ul class=\"post-attachments\"><li class=\"post-attachment mime-application-pdf\"><a href=\"https:\/\/inemjose.edu.co\/colegio\/newsite2021\/wp-content\/uploads\/2026\/08\/1.-Estudios-previos-3.pdf\">1. Estudios previos<\/a> <small>(609 kB)<\/small><\/li><li class=\"post-attachment mime-application-pdf\"><a href=\"https:\/\/inemjose.edu.co\/colegio\/newsite2021\/wp-content\/uploads\/2026\/08\/1.1.-Cotizacion-1.pdf\">1.1. Cotizacion<\/a> <small>(799 kB)<\/small><\/li><li class=\"post-attachment mime-application-pdf\"><a href=\"https:\/\/inemjose.edu.co\/colegio\/newsite2021\/wp-content\/uploads\/2026\/08\/1.2.-Cotizacion-1.pdf\">1.2. Cotizacion<\/a> <small>(466 kB)<\/small><\/li><li class=\"post-attachment mime-application-pdf\"><a href=\"https:\/\/inemjose.edu.co\/colegio\/newsite2021\/wp-content\/uploads\/2026\/08\/1.3.-Cotizacion-2.pdf\">1.3. Cotizacion<\/a> <small>(486 kB)<\/small><\/li><li class=\"post-attachment mime-application-pdf\"><a href=\"https:\/\/inemjose.edu.co\/colegio\/newsite2021\/wp-content\/uploads\/2026\/08\/2.-Disponibilidad-1.pdf\">2. Disponibilidad<\/a> <small>(509 kB)<\/small><\/li><li class=\"post-attachment mime-application-pdf\"><a href=\"https:\/\/inemjose.edu.co\/colegio\/newsite2021\/wp-content\/uploads\/2026\/08\/3.-Invitacion-publica-2.pdf\">3. Invitacion publica<\/a> <small>(242 kB)<\/small><\/li><li class=\"post-attachment mime-application-pdf\"><a href=\"https:\/\/inemjose.edu.co\/colegio\/newsite2021\/wp-content\/uploads\/2026\/08\/4.-Acta-de-cierre.pdf\">4. Acta de cierre<\/a> <small>(152 kB)<\/small><\/li><li class=\"post-attachment mime-application-pdf\"><a href=\"https:\/\/inemjose.edu.co\/colegio\/newsite2021\/wp-content\/uploads\/2026\/08\/5.-Evidencia-secopll.pdf\">5. Evidencia secopll<\/a> <small>(177 kB)<\/small><\/li><li class=\"post-attachment mime-application-pdf\"><a href=\"https:\/\/inemjose.edu.co\/colegio\/newsite2021\/wp-content\/uploads\/2026\/08\/6.-Carta-de-presebtacion-y-documentos-habilitantes.pdf\">6. Carta de presebtacion y documentos habilitantes<\/a> <small>(6 MB)<\/small><\/li><li class=\"post-attachment mime-application-pdf\"><a href=\"https:\/\/inemjose.edu.co\/colegio\/newsite2021\/wp-content\/uploads\/2026\/08\/7.-Correo-de-I.E.-INEM-Jose-Felix-de-Restrepo-PROPUESTA-ECONOMICA.pdf\">7. Correo de I.E. INEM Jos\u00e9 F\u00e9lix de Restrepo - PROPUESTA ECONOMICA<\/a> <small>(121 kB)<\/small><\/li><li class=\"post-attachment mime-application-pdf\"><a href=\"https:\/\/inemjose.edu.co\/colegio\/newsite2021\/wp-content\/uploads\/2026\/08\/8.-Evaluacion-de-la-oferta.pdf\">8. Evaluacion de la oferta<\/a> <small>(257 kB)<\/small><\/li><li class=\"post-attachment mime-application-pdf\"><a href=\"https:\/\/inemjose.edu.co\/colegio\/newsite2021\/wp-content\/uploads\/2026\/08\/9.-Compromiso.pdf\">9. Compromiso<\/a> <small>(525 kB)<\/small><\/li><li class=\"post-attachment mime-application-pdf\"><a href=\"https:\/\/inemjose.edu.co\/colegio\/newsite2021\/wp-content\/uploads\/2026\/08\/10.-Resolucion.pdf\">10. Resolucion<\/a> <small>(173 kB)<\/small><\/li><li class=\"post-attachment mime-application-pdf\"><a href=\"https:\/\/inemjose.edu.co\/colegio\/newsite2021\/wp-content\/uploads\/2026\/08\/RUES-_ARIAS-ANAYA-ANDREA-CAROLINA.pdf\">RUES _ARIAS ANAYA ANDREA CAROLINA<\/a> <small>(217 kB)<\/small><\/li><li class=\"post-attachment mime-application-pdf\"><a href=\"https:\/\/inemjose.edu.co\/colegio\/newsite2021\/wp-content\/uploads\/2026\/08\/RUES-_GOMEZ-SUAREZ-LUIS-FELIPE.pdf\">RUES _GOMEZ SUAREZ LUIS FELIPE<\/a> <small>(217 kB)<\/small><\/li><li class=\"post-attachment mime-application-pdf\"><a href=\"https:\/\/inemjose.edu.co\/colegio\/newsite2021\/wp-content\/uploads\/2026\/08\/RUES-_RODRIGUEZ-MONTES-TILISAY-DEL-CARMEN.pdf\">RUES _RODRIGUEZ MONTES TILISAY DEL CARMEN<\/a> <small>(223 kB)<\/small><\/li><li class=\"post-attachment mime-application-pdf\"><a href=\"https:\/\/inemjose.edu.co\/colegio\/newsite2021\/wp-content\/uploads\/2026\/08\/11.-Contrato-2.pdf\">11. Contrato<\/a> <small>(535 kB)<\/small><\/li><\/ul><\/div>","protected":false},"excerpt":{"rendered":"<p>La IE INEM Jos\u00e9 F\u00e9lix de Restrepo est\u00e1 interesado en las ofertas de car\u00e1cter personal o jur\u00eddica para contratar:\u00a0 \u201cAdquisici\u00f3n y entrega de materiales pedag\u00f3gicos, did\u00e1cticos, art\u00edsticos y de expresi\u00f3n creativa requeridos por la Instituci\u00f3n Educativa INEM Jos\u00e9 F\u00e9lix de &hellip; <\/p>\n","protected":false},"author":2,"featured_media":0,"comment_status":"open","ping_status":"open","sticky":false,"template":"","format":"standard","meta":{"_acf_changed":false,"_angie_page":false,"pmpro_default_level":"","rs_blank_template":"","rs_page_bg_color":"","slide_template_v7":"","page_builder":"","footnotes":""},"categories":[90],"tags":[],"class_list":["post-23369","post","type-post","status-publish","format-standard","hentry","category-contratacion","pmpro-has-access"],"acf":[],"yoast_head":"<!-- This site is optimized with the Yoast SEO plugin v27.4 - https:\/\/yoast.com\/product\/yoast-seo-wordpress\/ -->\n<title>PROCESO 021-2026 - I.E INEM Jos\u00e9 F\u00e9lix De Restrepo<\/title>\n<meta name=\"robots\" content=\"index, follow, max-snippet:-1, max-image-preview:large, max-video-preview:-1\" \/>\n<link rel=\"canonical\" href=\"https:\/\/inemjose.edu.co\/colegio\/newsite2021\/2026\/08\/13\/proceso-021-2026\/\" \/>\n<meta property=\"og:locale\" content=\"es_ES\" \/>\n<meta property=\"og:type\" content=\"article\" \/>\n<meta property=\"og:title\" content=\"PROCESO 021-2026 - I.E INEM Jos\u00e9 F\u00e9lix De Restrepo\" \/>\n<meta property=\"og:description\" content=\"La IE INEM Jos\u00e9 F\u00e9lix de Restrepo est\u00e1 interesado en las ofertas de car\u00e1cter personal o jur\u00eddica para contratar:\u00a0 \u201cAdquisici\u00f3n y entrega de materiales pedag\u00f3gicos, did\u00e1cticos, art\u00edsticos y de expresi\u00f3n creativa requeridos por la Instituci\u00f3n Educativa INEM Jos\u00e9 F\u00e9lix de &hellip;\" \/>\n<meta property=\"og:url\" content=\"https:\/\/inemjose.edu.co\/colegio\/newsite2021\/2026\/08\/13\/proceso-021-2026\/\" \/>\n<meta property=\"og:site_name\" content=\"I.E INEM Jos\u00e9 F\u00e9lix De Restrepo\" \/>\n<meta property=\"article:publisher\" content=\"https:\/\/www.facebook.com\/inemjoseoficial\/\" \/>\n<meta property=\"article:published_time\" content=\"2026-08-13T07:30:15+00:00\" \/>\n<meta property=\"article:modified_time\" content=\"2026-09-02T19:06:54+00:00\" \/>\n<meta name=\"author\" content=\"Diana Patricia Mesa Pimienta\" \/>\n<meta name=\"twitter:card\" content=\"summary_large_image\" \/>\n<meta name=\"twitter:label1\" content=\"Escrito por\" \/>\n\t<meta name=\"twitter:data1\" content=\"Diana Patricia Mesa Pimienta\" \/>\n\t<meta name=\"twitter:label2\" content=\"Tiempo de lectura\" \/>\n\t<meta name=\"twitter:data2\" content=\"1 minuto\" \/>\n<script type=\"application\/ld+json\" class=\"yoast-schema-graph\">{\"@context\":\"https:\\\/\\\/schema.org\",\"@graph\":[{\"@type\":\"Article\",\"@id\":\"https:\\\/\\\/inemjose.edu.co\\\/colegio\\\/newsite2021\\\/2026\\\/08\\\/13\\\/proceso-021-2026\\\/#article\",\"isPartOf\":{\"@id\":\"https:\\\/\\\/inemjose.edu.co\\\/colegio\\\/newsite2021\\\/2026\\\/08\\\/13\\\/proceso-021-2026\\\/\"},\"author\":{\"name\":\"Diana Patricia Mesa Pimienta\",\"@id\":\"https:\\\/\\\/inemjose.edu.co\\\/colegio\\\/newsite2021\\\/#\\\/schema\\\/person\\\/cb1a4a04b05690f861aeb8fd00474bcf\"},\"headline\":\"PROCESO 021-2026\",\"datePublished\":\"2026-08-13T07:30:15+00:00\",\"dateModified\":\"2026-09-02T19:06:54+00:00\",\"mainEntityOfPage\":{\"@id\":\"https:\\\/\\\/inemjose.edu.co\\\/colegio\\\/newsite2021\\\/2026\\\/08\\\/13\\\/proceso-021-2026\\\/\"},\"wordCount\":104,\"commentCount\":0,\"publisher\":{\"@id\":\"https:\\\/\\\/inemjose.edu.co\\\/colegio\\\/newsite2021\\\/#organization\"},\"articleSection\":[\"Contrataci\u00f3n\"],\"inLanguage\":\"es-CO\",\"potentialAction\":[{\"@type\":\"CommentAction\",\"name\":\"Comment\",\"target\":[\"https:\\\/\\\/inemjose.edu.co\\\/colegio\\\/newsite2021\\\/2026\\\/08\\\/13\\\/proceso-021-2026\\\/#respond\"]}]},{\"@type\":\"WebPage\",\"@id\":\"https:\\\/\\\/inemjose.edu.co\\\/colegio\\\/newsite2021\\\/2026\\\/08\\\/13\\\/proceso-021-2026\\\/\",\"url\":\"https:\\\/\\\/inemjose.edu.co\\\/colegio\\\/newsite2021\\\/2026\\\/08\\\/13\\\/proceso-021-2026\\\/\",\"name\":\"PROCESO 021-2026 - I.E INEM Jos\u00e9 F\u00e9lix De Restrepo\",\"isPartOf\":{\"@id\":\"https:\\\/\\\/inemjose.edu.co\\\/colegio\\\/newsite2021\\\/#website\"},\"datePublished\":\"2026-08-13T07:30:15+00:00\",\"dateModified\":\"2026-09-02T19:06:54+00:00\",\"breadcrumb\":{\"@id\":\"https:\\\/\\\/inemjose.edu.co\\\/colegio\\\/newsite2021\\\/2026\\\/08\\\/13\\\/proceso-021-2026\\\/#breadcrumb\"},\"inLanguage\":\"es-CO\",\"potentialAction\":[{\"@type\":\"ReadAction\",\"target\":[\"https:\\\/\\\/inemjose.edu.co\\\/colegio\\\/newsite2021\\\/2026\\\/08\\\/13\\\/proceso-021-2026\\\/\"]}]},{\"@type\":\"BreadcrumbList\",\"@id\":\"https:\\\/\\\/inemjose.edu.co\\\/colegio\\\/newsite2021\\\/2026\\\/08\\\/13\\\/proceso-021-2026\\\/#breadcrumb\",\"itemListElement\":[{\"@type\":\"ListItem\",\"position\":1,\"name\":\"Inicio\",\"item\":\"https:\\\/\\\/inemjose.edu.co\\\/colegio\\\/newsite2021\\\/\"},{\"@type\":\"ListItem\",\"position\":2,\"name\":\"PROCESO 021-2026\"}]},{\"@type\":\"WebSite\",\"@id\":\"https:\\\/\\\/inemjose.edu.co\\\/colegio\\\/newsite2021\\\/#website\",\"url\":\"https:\\\/\\\/inemjose.edu.co\\\/colegio\\\/newsite2021\\\/\",\"name\":\"I.E INEM Jos\u00e9 F\u00e9lix De Restrepo\",\"description\":\"I.E INEM Jos\u00e9 F\u00e9lix De Restrepo\",\"publisher\":{\"@id\":\"https:\\\/\\\/inemjose.edu.co\\\/colegio\\\/newsite2021\\\/#organization\"},\"potentialAction\":[{\"@type\":\"SearchAction\",\"target\":{\"@type\":\"EntryPoint\",\"urlTemplate\":\"https:\\\/\\\/inemjose.edu.co\\\/colegio\\\/newsite2021\\\/?s={search_term_string}\"},\"query-input\":{\"@type\":\"PropertyValueSpecification\",\"valueRequired\":true,\"valueName\":\"search_term_string\"}}],\"inLanguage\":\"es-CO\"},{\"@type\":\"Organization\",\"@id\":\"https:\\\/\\\/inemjose.edu.co\\\/colegio\\\/newsite2021\\\/#organization\",\"name\":\"INEM MEDELLIN\",\"url\":\"https:\\\/\\\/inemjose.edu.co\\\/colegio\\\/newsite2021\\\/\",\"logo\":{\"@type\":\"ImageObject\",\"inLanguage\":\"es-CO\",\"@id\":\"https:\\\/\\\/inemjose.edu.co\\\/colegio\\\/newsite2021\\\/#\\\/schema\\\/logo\\\/image\\\/\",\"url\":\"https:\\\/\\\/inemjose.edu.co\\\/colegio\\\/newsite2021\\\/wp-content\\\/uploads\\\/2022\\\/03\\\/escudoaltaresolucion.png\",\"contentUrl\":\"https:\\\/\\\/inemjose.edu.co\\\/colegio\\\/newsite2021\\\/wp-content\\\/uploads\\\/2022\\\/03\\\/escudoaltaresolucion.png\",\"width\":410,\"height\":550,\"caption\":\"INEM MEDELLIN\"},\"image\":{\"@id\":\"https:\\\/\\\/inemjose.edu.co\\\/colegio\\\/newsite2021\\\/#\\\/schema\\\/logo\\\/image\\\/\"},\"sameAs\":[\"https:\\\/\\\/www.facebook.com\\\/inemjoseoficial\\\/\",\"https:\\\/\\\/www.instagram.com\\\/inem_medellin\\\/\",\"https:\\\/\\\/www.youtube.com\\\/user\\\/inemtelevision\\\/featured\"]},{\"@type\":\"Person\",\"@id\":\"https:\\\/\\\/inemjose.edu.co\\\/colegio\\\/newsite2021\\\/#\\\/schema\\\/person\\\/cb1a4a04b05690f861aeb8fd00474bcf\",\"name\":\"Diana Patricia Mesa Pimienta\",\"image\":{\"@type\":\"ImageObject\",\"inLanguage\":\"es-CO\",\"@id\":\"https:\\\/\\\/secure.gravatar.com\\\/avatar\\\/0a0340d58af0fec986e0509a026a225a6801496d802ce7ed58adc33976e7c4cb?s=96&d=mm&r=g\",\"url\":\"https:\\\/\\\/secure.gravatar.com\\\/avatar\\\/0a0340d58af0fec986e0509a026a225a6801496d802ce7ed58adc33976e7c4cb?s=96&d=mm&r=g\",\"contentUrl\":\"https:\\\/\\\/secure.gravatar.com\\\/avatar\\\/0a0340d58af0fec986e0509a026a225a6801496d802ce7ed58adc33976e7c4cb?s=96&d=mm&r=g\",\"caption\":\"Diana Patricia Mesa Pimienta\"},\"sameAs\":[\"http:\\\/\\\/www.inemjose.edu.co\"],\"url\":\"https:\\\/\\\/inemjose.edu.co\\\/colegio\\\/newsite2021\\\/author\\\/dianamesap\\\/\"}]}<\/script>\n<!-- \/ Yoast SEO plugin. -->","yoast_head_json":{"title":"PROCESO 021-2026 - I.E INEM Jos\u00e9 F\u00e9lix De Restrepo","robots":{"index":"index","follow":"follow","max-snippet":"max-snippet:-1","max-image-preview":"max-image-preview:large","max-video-preview":"max-video-preview:-1"},"canonical":"https:\/\/inemjose.edu.co\/colegio\/newsite2021\/2026\/08\/13\/proceso-021-2026\/","og_locale":"es_ES","og_type":"article","og_title":"PROCESO 021-2026 - I.E INEM Jos\u00e9 F\u00e9lix De Restrepo","og_description":"La IE INEM Jos\u00e9 F\u00e9lix de Restrepo est\u00e1 interesado en las ofertas de car\u00e1cter personal o jur\u00eddica para contratar:\u00a0 \u201cAdquisici\u00f3n y entrega de materiales pedag\u00f3gicos, did\u00e1cticos, art\u00edsticos y de expresi\u00f3n creativa requeridos por la Instituci\u00f3n Educativa INEM Jos\u00e9 F\u00e9lix de &hellip;","og_url":"https:\/\/inemjose.edu.co\/colegio\/newsite2021\/2026\/08\/13\/proceso-021-2026\/","og_site_name":"I.E INEM Jos\u00e9 F\u00e9lix De Restrepo","article_publisher":"https:\/\/www.facebook.com\/inemjoseoficial\/","article_published_time":"2026-08-13T07:30:15+00:00","article_modified_time":"2026-09-02T19:06:54+00:00","author":"Diana Patricia Mesa Pimienta","twitter_card":"summary_large_image","twitter_misc":{"Escrito por":"Diana Patricia Mesa Pimienta","Tiempo de lectura":"1 minuto"},"schema":{"@context":"https:\/\/schema.org","@graph":[{"@type":"Article","@id":"https:\/\/inemjose.edu.co\/colegio\/newsite2021\/2026\/08\/13\/proceso-021-2026\/#article","isPartOf":{"@id":"https:\/\/inemjose.edu.co\/colegio\/newsite2021\/2026\/08\/13\/proceso-021-2026\/"},"author":{"name":"Diana Patricia Mesa Pimienta","@id":"https:\/\/inemjose.edu.co\/colegio\/newsite2021\/#\/schema\/person\/cb1a4a04b05690f861aeb8fd00474bcf"},"headline":"PROCESO 021-2026","datePublished":"2026-08-13T07:30:15+00:00","dateModified":"2026-09-02T19:06:54+00:00","mainEntityOfPage":{"@id":"https:\/\/inemjose.edu.co\/colegio\/newsite2021\/2026\/08\/13\/proceso-021-2026\/"},"wordCount":104,"commentCount":0,"publisher":{"@id":"https:\/\/inemjose.edu.co\/colegio\/newsite2021\/#organization"},"articleSection":["Contrataci\u00f3n"],"inLanguage":"es-CO","potentialAction":[{"@type":"CommentAction","name":"Comment","target":["https:\/\/inemjose.edu.co\/colegio\/newsite2021\/2026\/08\/13\/proceso-021-2026\/#respond"]}]},{"@type":"WebPage","@id":"https:\/\/inemjose.edu.co\/colegio\/newsite2021\/2026\/08\/13\/proceso-021-2026\/","url":"https:\/\/inemjose.edu.co\/colegio\/newsite2021\/2026\/08\/13\/proceso-021-2026\/","name":"PROCESO 021-2026 - I.E INEM Jos\u00e9 F\u00e9lix De Restrepo","isPartOf":{"@id":"https:\/\/inemjose.edu.co\/colegio\/newsite2021\/#website"},"datePublished":"2026-08-13T07:30:15+00:00","dateModified":"2026-09-02T19:06:54+00:00","breadcrumb":{"@id":"https:\/\/inemjose.edu.co\/colegio\/newsite2021\/2026\/08\/13\/proceso-021-2026\/#breadcrumb"},"inLanguage":"es-CO","potentialAction":[{"@type":"ReadAction","target":["https:\/\/inemjose.edu.co\/colegio\/newsite2021\/2026\/08\/13\/proceso-021-2026\/"]}]},{"@type":"BreadcrumbList","@id":"https:\/\/inemjose.edu.co\/colegio\/newsite2021\/2026\/08\/13\/proceso-021-2026\/#breadcrumb","itemListElement":[{"@type":"ListItem","position":1,"name":"Inicio","item":"https:\/\/inemjose.edu.co\/colegio\/newsite2021\/"},{"@type":"ListItem","position":2,"name":"PROCESO 021-2026"}]},{"@type":"WebSite","@id":"https:\/\/inemjose.edu.co\/colegio\/newsite2021\/#website","url":"https:\/\/inemjose.edu.co\/colegio\/newsite2021\/","name":"I.E INEM Jos\u00e9 F\u00e9lix De Restrepo","description":"I.E INEM Jos\u00e9 F\u00e9lix De Restrepo","publisher":{"@id":"https:\/\/inemjose.edu.co\/colegio\/newsite2021\/#organization"},"potentialAction":[{"@type":"SearchAction","target":{"@type":"EntryPoint","urlTemplate":"https:\/\/inemjose.edu.co\/colegio\/newsite2021\/?s={search_term_string}"},"query-input":{"@type":"PropertyValueSpecification","valueRequired":true,"valueName":"search_term_string"}}],"inLanguage":"es-CO"},{"@type":"Organization","@id":"https:\/\/inemjose.edu.co\/colegio\/newsite2021\/#organization","name":"INEM MEDELLIN","url":"https:\/\/inemjose.edu.co\/colegio\/newsite2021\/","logo":{"@type":"ImageObject","inLanguage":"es-CO","@id":"https:\/\/inemjose.edu.co\/colegio\/newsite2021\/#\/schema\/logo\/image\/","url":"https:\/\/inemjose.edu.co\/colegio\/newsite2021\/wp-content\/uploads\/2022\/03\/escudoaltaresolucion.png","contentUrl":"https:\/\/inemjose.edu.co\/colegio\/newsite2021\/wp-content\/uploads\/2022\/03\/escudoaltaresolucion.png","width":410,"height":550,"caption":"INEM MEDELLIN"},"image":{"@id":"https:\/\/inemjose.edu.co\/colegio\/newsite2021\/#\/schema\/logo\/image\/"},"sameAs":["https:\/\/www.facebook.com\/inemjoseoficial\/","https:\/\/www.instagram.com\/inem_medellin\/","https:\/\/www.youtube.com\/user\/inemtelevision\/featured"]},{"@type":"Person","@id":"https:\/\/inemjose.edu.co\/colegio\/newsite2021\/#\/schema\/person\/cb1a4a04b05690f861aeb8fd00474bcf","name":"Diana Patricia Mesa Pimienta","image":{"@type":"ImageObject","inLanguage":"es-CO","@id":"https:\/\/secure.gravatar.com\/avatar\/0a0340d58af0fec986e0509a026a225a6801496d802ce7ed58adc33976e7c4cb?s=96&d=mm&r=g","url":"https:\/\/secure.gravatar.com\/avatar\/0a0340d58af0fec986e0509a026a225a6801496d802ce7ed58adc33976e7c4cb?s=96&d=mm&r=g","contentUrl":"https:\/\/secure.gravatar.com\/avatar\/0a0340d58af0fec986e0509a026a225a6801496d802ce7ed58adc33976e7c4cb?s=96&d=mm&r=g","caption":"Diana Patricia Mesa Pimienta"},"sameAs":["http:\/\/www.inemjose.edu.co"],"url":"https:\/\/inemjose.edu.co\/colegio\/newsite2021\/author\/dianamesap\/"}]}},"_links":{"self":[{"href":"https:\/\/inemjose.edu.co\/colegio\/newsite2021\/wp-json\/wp\/v2\/posts\/23369","targetHints":{"allow":["GET"]}}],"collection":[{"href":"https:\/\/inemjose.edu.co\/colegio\/newsite2021\/wp-json\/wp\/v2\/posts"}],"about":[{"href":"https:\/\/inemjose.edu.co\/colegio\/newsite2021\/wp-json\/wp\/v2\/types\/post"}],"author":[{"embeddable":true,"href":"https:\/\/inemjose.edu.co\/colegio\/newsite2021\/wp-json\/wp\/v2\/users\/2"}],"replies":[{"embeddable":true,"href":"https:\/\/inemjose.edu.co\/colegio\/newsite2021\/wp-json\/wp\/v2\/comments?post=23369"}],"version-history":[{"count":1,"href":"https:\/\/inemjose.edu.co\/colegio\/newsite2021\/wp-json\/wp\/v2\/posts\/23369\/revisions"}],"predecessor-version":[{"id":23425,"href":"https:\/\/inemjose.edu.co\/colegio\/newsite2021\/wp-json\/wp\/v2\/posts\/23369\/revisions\/23425"}],"wp:attachment":[{"href":"https:\/\/inemjose.edu.co\/colegio\/newsite2021\/wp-json\/wp\/v2\/media?parent=23369"}],"wp:term":[{"taxonomy":"category","embeddable":true,"href":"https:\/\/inemjose.edu.co\/colegio\/newsite2021\/wp-json\/wp\/v2\/categories?post=23369"},{"taxonomy":"post_tag","embeddable":true,"href":"https:\/\/inemjose.edu.co\/colegio\/newsite2021\/wp-json\/wp\/v2\/tags?post=23369"}],"curies":[{"name":"wp","href":"https:\/\/api.w.org\/{rel}","templated":true}]}}