{"id":8969,"date":"2021-06-05T12:06:01","date_gmt":"2021-06-05T17:06:01","guid":{"rendered":"https:\/\/inemjose.edu.co\/colegio\/newsite2021\/?p=8969"},"modified":"2021-06-05T12:32:37","modified_gmt":"2021-06-05T17:32:37","slug":"matriculas","status":"publish","type":"post","link":"https:\/\/inemjose.edu.co\/colegio\/newsite2021\/2021\/06\/05\/matriculas\/","title":{"rendered":"Matr\u00edculas"},"content":{"rendered":"<p><strong>El solicitante de Reingreso\u00a0<\/strong>baja el formato\u00a0<strong><a href=\"https:\/\/drive.google.com\/file\/d\/1VbzNLL36zZIIBXWbijGR1Hr7iNtYLBsK\/view?usp=sharing\">GA-P02-F06 V05<\/a>\u00a0<\/strong>del mismo link, lo diligencia y env\u00eda a la Unidad del grado al cual va a ingresar, para que all\u00ed analicen la informaci\u00f3n y despu\u00e9s la Unidad informa tanto al peticionario como a la persona asignada para matricular, la aprobaci\u00f3n o no del cupo. \u00c9ste estudiante no debe hacer inscripci\u00f3n porque si lo hace el sistema le asigna un nuevo c\u00f3digo y \u00e9l ya tiene un c\u00f3digo \u00fanico en la Instituci\u00f3n Educativa.<\/p>\n","protected":false},"excerpt":{"rendered":"<p>El solicitante de Reingreso\u00a0baja el formato\u00a0GA-P02-F06 V05\u00a0del mismo link, lo diligencia y env\u00eda a la Unidad del grado al cual va a ingresar, para que all\u00ed analicen la informaci\u00f3n y despu\u00e9s la Unidad informa tanto al peticionario como a la &hellip; <\/p>\n","protected":false},"author":1,"featured_media":0,"comment_status":"open","ping_status":"open","sticky":false,"template":"","format":"standard","meta":{"_bbp_topic_count":0,"_bbp_reply_count":0,"_bbp_total_topic_count":0,"_bbp_total_reply_count":0,"_bbp_voice_count":0,"_bbp_anonymous_reply_count":0,"_bbp_topic_count_hidden":0,"_bbp_reply_count_hidden":0,"_bbp_forum_subforum_count":0,"_angie_page":false,"pmpro_default_level":"","rs_blank_template":"","rs_page_bg_color":"","slide_template_v7":"","page_builder":"","footnotes":""},"categories":[31],"tags":[85],"class_list":["post-8969","post","type-post","status-publish","format-standard","hentry","category-blog","tag-admisiones","pmpro-has-access"],"yoast_head":"<!-- This site is optimized with the Yoast SEO plugin v27.4 - https:\/\/yoast.com\/product\/yoast-seo-wordpress\/ -->\n<title>Matr\u00edculas - I.E INEM Jos\u00e9 F\u00e9lix De Restrepo<\/title>\n<meta name=\"robots\" content=\"index, follow, max-snippet:-1, max-image-preview:large, max-video-preview:-1\" \/>\n<link rel=\"canonical\" href=\"https:\/\/inemjose.edu.co\/colegio\/newsite2021\/2021\/06\/05\/matriculas\/\" \/>\n<meta property=\"og:locale\" content=\"es_ES\" \/>\n<meta property=\"og:type\" content=\"article\" \/>\n<meta property=\"og:title\" content=\"Matr\u00edculas - I.E INEM Jos\u00e9 F\u00e9lix De Restrepo\" \/>\n<meta property=\"og:description\" content=\"El solicitante de Reingreso\u00a0baja el formato\u00a0GA-P02-F06 V05\u00a0del mismo link, lo diligencia y env\u00eda a la Unidad del grado al cual va a ingresar, para que all\u00ed analicen la informaci\u00f3n y despu\u00e9s la Unidad informa tanto al peticionario como a la &hellip;\" \/>\n<meta property=\"og:url\" content=\"https:\/\/inemjose.edu.co\/colegio\/newsite2021\/2021\/06\/05\/matriculas\/\" \/>\n<meta property=\"og:site_name\" content=\"I.E INEM Jos\u00e9 F\u00e9lix De Restrepo\" \/>\n<meta property=\"article:publisher\" content=\"https:\/\/www.facebook.com\/inemjoseoficial\/\" \/>\n<meta property=\"article:published_time\" content=\"2021-06-05T17:06:01+00:00\" \/>\n<meta property=\"article:modified_time\" content=\"2021-06-05T17:32:37+00:00\" \/>\n<meta name=\"author\" content=\"inemjose\" \/>\n<meta name=\"twitter:card\" content=\"summary_large_image\" \/>\n<meta name=\"twitter:label1\" content=\"Escrito por\" \/>\n\t<meta name=\"twitter:data1\" content=\"inemjose\" \/>\n<script type=\"application\/ld+json\" class=\"yoast-schema-graph\">{\"@context\":\"https:\\\/\\\/schema.org\",\"@graph\":[{\"@type\":\"Article\",\"@id\":\"https:\\\/\\\/inemjose.edu.co\\\/colegio\\\/newsite2021\\\/2021\\\/06\\\/05\\\/matriculas\\\/#article\",\"isPartOf\":{\"@id\":\"https:\\\/\\\/inemjose.edu.co\\\/colegio\\\/newsite2021\\\/2021\\\/06\\\/05\\\/matriculas\\\/\"},\"author\":{\"name\":\"inemjose\",\"@id\":\"https:\\\/\\\/inemjose.edu.co\\\/colegio\\\/newsite2021\\\/#\\\/schema\\\/person\\\/61843bb5ed9dfe5d2d55e780f1cf48cc\"},\"headline\":\"Matr\u00edculas\",\"datePublished\":\"2021-06-05T17:06:01+00:00\",\"dateModified\":\"2021-06-05T17:32:37+00:00\",\"mainEntityOfPage\":{\"@id\":\"https:\\\/\\\/inemjose.edu.co\\\/colegio\\\/newsite2021\\\/2021\\\/06\\\/05\\\/matriculas\\\/\"},\"wordCount\":92,\"commentCount\":0,\"publisher\":{\"@id\":\"https:\\\/\\\/inemjose.edu.co\\\/colegio\\\/newsite2021\\\/#organization\"},\"keywords\":[\"Admisiones\"],\"articleSection\":[\"Blog\"],\"inLanguage\":\"es-CO\",\"potentialAction\":[{\"@type\":\"CommentAction\",\"name\":\"Comment\",\"target\":[\"https:\\\/\\\/inemjose.edu.co\\\/colegio\\\/newsite2021\\\/2021\\\/06\\\/05\\\/matriculas\\\/#respond\"]}]},{\"@type\":\"WebPage\",\"@id\":\"https:\\\/\\\/inemjose.edu.co\\\/colegio\\\/newsite2021\\\/2021\\\/06\\\/05\\\/matriculas\\\/\",\"url\":\"https:\\\/\\\/inemjose.edu.co\\\/colegio\\\/newsite2021\\\/2021\\\/06\\\/05\\\/matriculas\\\/\",\"name\":\"Matr\u00edculas - I.E INEM Jos\u00e9 F\u00e9lix De Restrepo\",\"isPartOf\":{\"@id\":\"https:\\\/\\\/inemjose.edu.co\\\/colegio\\\/newsite2021\\\/#website\"},\"datePublished\":\"2021-06-05T17:06:01+00:00\",\"dateModified\":\"2021-06-05T17:32:37+00:00\",\"breadcrumb\":{\"@id\":\"https:\\\/\\\/inemjose.edu.co\\\/colegio\\\/newsite2021\\\/2021\\\/06\\\/05\\\/matriculas\\\/#breadcrumb\"},\"inLanguage\":\"es-CO\",\"potentialAction\":[{\"@type\":\"ReadAction\",\"target\":[\"https:\\\/\\\/inemjose.edu.co\\\/colegio\\\/newsite2021\\\/2021\\\/06\\\/05\\\/matriculas\\\/\"]}]},{\"@type\":\"BreadcrumbList\",\"@id\":\"https:\\\/\\\/inemjose.edu.co\\\/colegio\\\/newsite2021\\\/2021\\\/06\\\/05\\\/matriculas\\\/#breadcrumb\",\"itemListElement\":[{\"@type\":\"ListItem\",\"position\":1,\"name\":\"Inicio\",\"item\":\"https:\\\/\\\/inemjose.edu.co\\\/colegio\\\/newsite2021\\\/\"},{\"@type\":\"ListItem\",\"position\":2,\"name\":\"Matr\u00edculas\"}]},{\"@type\":\"WebSite\",\"@id\":\"https:\\\/\\\/inemjose.edu.co\\\/colegio\\\/newsite2021\\\/#website\",\"url\":\"https:\\\/\\\/inemjose.edu.co\\\/colegio\\\/newsite2021\\\/\",\"name\":\"I.E INEM Jos\u00e9 F\u00e9lix De Restrepo\",\"description\":\"I.E INEM Jos\u00e9 F\u00e9lix De Restrepo\",\"publisher\":{\"@id\":\"https:\\\/\\\/inemjose.edu.co\\\/colegio\\\/newsite2021\\\/#organization\"},\"potentialAction\":[{\"@type\":\"SearchAction\",\"target\":{\"@type\":\"EntryPoint\",\"urlTemplate\":\"https:\\\/\\\/inemjose.edu.co\\\/colegio\\\/newsite2021\\\/?s={search_term_string}\"},\"query-input\":{\"@type\":\"PropertyValueSpecification\",\"valueRequired\":true,\"valueName\":\"search_term_string\"}}],\"inLanguage\":\"es-CO\"},{\"@type\":\"Organization\",\"@id\":\"https:\\\/\\\/inemjose.edu.co\\\/colegio\\\/newsite2021\\\/#organization\",\"name\":\"INEM MEDELLIN\",\"url\":\"https:\\\/\\\/inemjose.edu.co\\\/colegio\\\/newsite2021\\\/\",\"logo\":{\"@type\":\"ImageObject\",\"inLanguage\":\"es-CO\",\"@id\":\"https:\\\/\\\/inemjose.edu.co\\\/colegio\\\/newsite2021\\\/#\\\/schema\\\/logo\\\/image\\\/\",\"url\":\"https:\\\/\\\/inemjose.edu.co\\\/colegio\\\/newsite2021\\\/wp-content\\\/uploads\\\/2022\\\/03\\\/escudoaltaresolucion.png\",\"contentUrl\":\"https:\\\/\\\/inemjose.edu.co\\\/colegio\\\/newsite2021\\\/wp-content\\\/uploads\\\/2022\\\/03\\\/escudoaltaresolucion.png\",\"width\":410,\"height\":550,\"caption\":\"INEM MEDELLIN\"},\"image\":{\"@id\":\"https:\\\/\\\/inemjose.edu.co\\\/colegio\\\/newsite2021\\\/#\\\/schema\\\/logo\\\/image\\\/\"},\"sameAs\":[\"https:\\\/\\\/www.facebook.com\\\/inemjoseoficial\\\/\",\"https:\\\/\\\/www.instagram.com\\\/inem_medellin\\\/\",\"https:\\\/\\\/www.youtube.com\\\/user\\\/inemtelevision\\\/featured\"]},{\"@type\":\"Person\",\"@id\":\"https:\\\/\\\/inemjose.edu.co\\\/colegio\\\/newsite2021\\\/#\\\/schema\\\/person\\\/61843bb5ed9dfe5d2d55e780f1cf48cc\",\"name\":\"inemjose\",\"image\":{\"@type\":\"ImageObject\",\"inLanguage\":\"es-CO\",\"@id\":\"https:\\\/\\\/inemjose.edu.co\\\/colegio\\\/newsite2021\\\/wp-content\\\/uploads\\\/avatars\\\/1\\\/60d751e31e2ec-bpfull.png\",\"url\":\"https:\\\/\\\/inemjose.edu.co\\\/colegio\\\/newsite2021\\\/wp-content\\\/uploads\\\/avatars\\\/1\\\/60d751e31e2ec-bpfull.png\",\"contentUrl\":\"https:\\\/\\\/inemjose.edu.co\\\/colegio\\\/newsite2021\\\/wp-content\\\/uploads\\\/avatars\\\/1\\\/60d751e31e2ec-bpfull.png\",\"caption\":\"inemjose\"},\"sameAs\":[\"https:\\\/\\\/inemjose.edu.co\\\/colegio\\\/newsite2021\"],\"url\":\"https:\\\/\\\/inemjose.edu.co\\\/colegio\\\/newsite2021\\\/author\\\/inemjose\\\/\"}]}<\/script>\n<!-- \/ Yoast SEO plugin. -->","yoast_head_json":{"title":"Matr\u00edculas - I.E INEM Jos\u00e9 F\u00e9lix De Restrepo","robots":{"index":"index","follow":"follow","max-snippet":"max-snippet:-1","max-image-preview":"max-image-preview:large","max-video-preview":"max-video-preview:-1"},"canonical":"https:\/\/inemjose.edu.co\/colegio\/newsite2021\/2021\/06\/05\/matriculas\/","og_locale":"es_ES","og_type":"article","og_title":"Matr\u00edculas - I.E INEM Jos\u00e9 F\u00e9lix De Restrepo","og_description":"El solicitante de Reingreso\u00a0baja el formato\u00a0GA-P02-F06 V05\u00a0del mismo link, lo diligencia y env\u00eda a la Unidad del grado al cual va a ingresar, para que all\u00ed analicen la informaci\u00f3n y despu\u00e9s la Unidad informa tanto al peticionario como a la &hellip;","og_url":"https:\/\/inemjose.edu.co\/colegio\/newsite2021\/2021\/06\/05\/matriculas\/","og_site_name":"I.E INEM Jos\u00e9 F\u00e9lix De Restrepo","article_publisher":"https:\/\/www.facebook.com\/inemjoseoficial\/","article_published_time":"2021-06-05T17:06:01+00:00","article_modified_time":"2021-06-05T17:32:37+00:00","author":"inemjose","twitter_card":"summary_large_image","twitter_misc":{"Escrito por":"inemjose"},"schema":{"@context":"https:\/\/schema.org","@graph":[{"@type":"Article","@id":"https:\/\/inemjose.edu.co\/colegio\/newsite2021\/2021\/06\/05\/matriculas\/#article","isPartOf":{"@id":"https:\/\/inemjose.edu.co\/colegio\/newsite2021\/2021\/06\/05\/matriculas\/"},"author":{"name":"inemjose","@id":"https:\/\/inemjose.edu.co\/colegio\/newsite2021\/#\/schema\/person\/61843bb5ed9dfe5d2d55e780f1cf48cc"},"headline":"Matr\u00edculas","datePublished":"2021-06-05T17:06:01+00:00","dateModified":"2021-06-05T17:32:37+00:00","mainEntityOfPage":{"@id":"https:\/\/inemjose.edu.co\/colegio\/newsite2021\/2021\/06\/05\/matriculas\/"},"wordCount":92,"commentCount":0,"publisher":{"@id":"https:\/\/inemjose.edu.co\/colegio\/newsite2021\/#organization"},"keywords":["Admisiones"],"articleSection":["Blog"],"inLanguage":"es-CO","potentialAction":[{"@type":"CommentAction","name":"Comment","target":["https:\/\/inemjose.edu.co\/colegio\/newsite2021\/2021\/06\/05\/matriculas\/#respond"]}]},{"@type":"WebPage","@id":"https:\/\/inemjose.edu.co\/colegio\/newsite2021\/2021\/06\/05\/matriculas\/","url":"https:\/\/inemjose.edu.co\/colegio\/newsite2021\/2021\/06\/05\/matriculas\/","name":"Matr\u00edculas - I.E INEM Jos\u00e9 F\u00e9lix De Restrepo","isPartOf":{"@id":"https:\/\/inemjose.edu.co\/colegio\/newsite2021\/#website"},"datePublished":"2021-06-05T17:06:01+00:00","dateModified":"2021-06-05T17:32:37+00:00","breadcrumb":{"@id":"https:\/\/inemjose.edu.co\/colegio\/newsite2021\/2021\/06\/05\/matriculas\/#breadcrumb"},"inLanguage":"es-CO","potentialAction":[{"@type":"ReadAction","target":["https:\/\/inemjose.edu.co\/colegio\/newsite2021\/2021\/06\/05\/matriculas\/"]}]},{"@type":"BreadcrumbList","@id":"https:\/\/inemjose.edu.co\/colegio\/newsite2021\/2021\/06\/05\/matriculas\/#breadcrumb","itemListElement":[{"@type":"ListItem","position":1,"name":"Inicio","item":"https:\/\/inemjose.edu.co\/colegio\/newsite2021\/"},{"@type":"ListItem","position":2,"name":"Matr\u00edculas"}]},{"@type":"WebSite","@id":"https:\/\/inemjose.edu.co\/colegio\/newsite2021\/#website","url":"https:\/\/inemjose.edu.co\/colegio\/newsite2021\/","name":"I.E INEM Jos\u00e9 F\u00e9lix De Restrepo","description":"I.E INEM Jos\u00e9 F\u00e9lix De Restrepo","publisher":{"@id":"https:\/\/inemjose.edu.co\/colegio\/newsite2021\/#organization"},"potentialAction":[{"@type":"SearchAction","target":{"@type":"EntryPoint","urlTemplate":"https:\/\/inemjose.edu.co\/colegio\/newsite2021\/?s={search_term_string}"},"query-input":{"@type":"PropertyValueSpecification","valueRequired":true,"valueName":"search_term_string"}}],"inLanguage":"es-CO"},{"@type":"Organization","@id":"https:\/\/inemjose.edu.co\/colegio\/newsite2021\/#organization","name":"INEM MEDELLIN","url":"https:\/\/inemjose.edu.co\/colegio\/newsite2021\/","logo":{"@type":"ImageObject","inLanguage":"es-CO","@id":"https:\/\/inemjose.edu.co\/colegio\/newsite2021\/#\/schema\/logo\/image\/","url":"https:\/\/inemjose.edu.co\/colegio\/newsite2021\/wp-content\/uploads\/2022\/03\/escudoaltaresolucion.png","contentUrl":"https:\/\/inemjose.edu.co\/colegio\/newsite2021\/wp-content\/uploads\/2022\/03\/escudoaltaresolucion.png","width":410,"height":550,"caption":"INEM MEDELLIN"},"image":{"@id":"https:\/\/inemjose.edu.co\/colegio\/newsite2021\/#\/schema\/logo\/image\/"},"sameAs":["https:\/\/www.facebook.com\/inemjoseoficial\/","https:\/\/www.instagram.com\/inem_medellin\/","https:\/\/www.youtube.com\/user\/inemtelevision\/featured"]},{"@type":"Person","@id":"https:\/\/inemjose.edu.co\/colegio\/newsite2021\/#\/schema\/person\/61843bb5ed9dfe5d2d55e780f1cf48cc","name":"inemjose","image":{"@type":"ImageObject","inLanguage":"es-CO","@id":"https:\/\/inemjose.edu.co\/colegio\/newsite2021\/wp-content\/uploads\/avatars\/1\/60d751e31e2ec-bpfull.png","url":"https:\/\/inemjose.edu.co\/colegio\/newsite2021\/wp-content\/uploads\/avatars\/1\/60d751e31e2ec-bpfull.png","contentUrl":"https:\/\/inemjose.edu.co\/colegio\/newsite2021\/wp-content\/uploads\/avatars\/1\/60d751e31e2ec-bpfull.png","caption":"inemjose"},"sameAs":["https:\/\/inemjose.edu.co\/colegio\/newsite2021"],"url":"https:\/\/inemjose.edu.co\/colegio\/newsite2021\/author\/inemjose\/"}]}},"_links":{"self":[{"href":"https:\/\/inemjose.edu.co\/colegio\/newsite2021\/wp-json\/wp\/v2\/posts\/8969","targetHints":{"allow":["GET"]}}],"collection":[{"href":"https:\/\/inemjose.edu.co\/colegio\/newsite2021\/wp-json\/wp\/v2\/posts"}],"about":[{"href":"https:\/\/inemjose.edu.co\/colegio\/newsite2021\/wp-json\/wp\/v2\/types\/post"}],"author":[{"embeddable":true,"href":"https:\/\/inemjose.edu.co\/colegio\/newsite2021\/wp-json\/wp\/v2\/users\/1"}],"replies":[{"embeddable":true,"href":"https:\/\/inemjose.edu.co\/colegio\/newsite2021\/wp-json\/wp\/v2\/comments?post=8969"}],"version-history":[{"count":2,"href":"https:\/\/inemjose.edu.co\/colegio\/newsite2021\/wp-json\/wp\/v2\/posts\/8969\/revisions"}],"predecessor-version":[{"id":8979,"href":"https:\/\/inemjose.edu.co\/colegio\/newsite2021\/wp-json\/wp\/v2\/posts\/8969\/revisions\/8979"}],"wp:attachment":[{"href":"https:\/\/inemjose.edu.co\/colegio\/newsite2021\/wp-json\/wp\/v2\/media?parent=8969"}],"wp:term":[{"taxonomy":"category","embeddable":true,"href":"https:\/\/inemjose.edu.co\/colegio\/newsite2021\/wp-json\/wp\/v2\/categories?post=8969"},{"taxonomy":"post_tag","embeddable":true,"href":"https:\/\/inemjose.edu.co\/colegio\/newsite2021\/wp-json\/wp\/v2\/tags?post=8969"}],"curies":[{"name":"wp","href":"https:\/\/api.w.org\/{rel}","templated":true}]}}